{"id":91134,"date":"2021-01-21T21:09:24","date_gmt":"2021-01-22T02:09:24","guid":{"rendered":"https:\/\/elinformanteperu.com\/?p=91134"},"modified":"2021-01-21T21:09:24","modified_gmt":"2021-01-22T02:09:24","slug":"andre-carrillo-vea-el-comercial-que-protagoniza-en-arabia-saudita","status":"publish","type":"post","link":"https:\/\/elinformanteperu.com\/index.php\/2021\/01\/21\/andre-carrillo-vea-el-comercial-que-protagoniza-en-arabia-saudita\/","title":{"rendered":"Andr\u00e9 Carrillo: vea el comercial que protagoniza en Arabia Saudita"},"content":{"rendered":"<p><span style=\"color: #000000;\"><strong>Lima, 21 Enero 2021, (ANDINA).-<\/strong> El peruano Andr\u00e9 Carrillo hace noticia dentro y fuera de las canchas, luego de que protagonizara un comercial de una cadena de restaurantes de comida r\u00e1pida en el Medio Oriente.<\/span><\/p>\n<p><span style=\"color: #000000;\">El delantero nacional Andr\u00e9 Carrillo, del Al Hilal, en el comercial se muestra degustando un shawarma, comida bastante conocida en los pa\u00edses \u00e1rabes.<\/span><\/p>\n<p><span style=\"color: #000000;\">Recordemos que no es la primera vez que Carrillo est\u00e1 delante de las c\u00e1maras protagonizando un comercial, puesto que algunos meses atr\u00e1s tambi\u00e9n hizo otro en Arabia Saudita, as\u00ed como uno m\u00e1s en nuestro pa\u00eds hace un par de a\u00f1os junto a Edison Flores, por lo que la Culebra no es ajeno a estas actividades extrafutbol\u00edsticas.<\/span><\/p>\n<blockquote class=\"twitter-tweet\">\n<p dir=\"ltr\" lang=\"es\">No todos los d\u00edas un compatriota realiza comerciales en Arabia Saud\u00ed. \ud83c\uddf5\ud83c\uddea\ud83d\udcfa<\/p>\n<p>Shawarmas Andr\u00e9 Carrillo. \u00bfQui\u00e9n quiere uno? \ud83c\udf2f\ud83d\udc0d <a href=\"https:\/\/t.co\/9fGVwcckfm\">pic.twitter.com\/9fGVwcckfm<\/a><\/p>\n<p>\u2014 Renzo Galiano (@RenzoGaliano) <a href=\"https:\/\/twitter.com\/RenzoGaliano\/status\/1352297453358362632?ref_src=twsrc%5Etfw\">January 21, 2021<\/a><\/p><\/blockquote>\n<p><script async src=\"https:\/\/platform.twitter.com\/widgets.js\" charset=\"utf-8\"><\/script><\/p>\n","protected":false},"excerpt":{"rendered":"<p>Lima, 21 Enero 2021, (ANDINA).- El peruano Andr\u00e9 Carrillo hace noticia dentro y fuera de las canchas, luego de que protagonizara un comercial de una cadena de restaurantes de comida r\u00e1pida en el Medio Oriente. El delantero nacional Andr\u00e9 Carrillo, del Al Hilal, en el comercial se muestra degustando un shawarma, comida bastante conocida en [&hellip;]<\/p>\n","protected":false},"author":1,"featured_media":84874,"comment_status":"open","ping_status":"open","sticky":false,"template":"","format":"standard","meta":{"rop_custom_images_group":[],"rop_custom_messages_group":[],"rop_publish_now":"initial","rop_publish_now_accounts":[],"rop_publish_now_history":[],"rop_publish_now_status":"pending","footnotes":""},"categories":[8],"tags":[711],"class_list":["post-91134","post","type-post","status-publish","format-standard","has-post-thumbnail","hentry","category-disciplinas-deportivas","tag-andre-carrillo"],"_links":{"self":[{"href":"https:\/\/elinformanteperu.com\/index.php\/wp-json\/wp\/v2\/posts\/91134","targetHints":{"allow":["GET"]}}],"collection":[{"href":"https:\/\/elinformanteperu.com\/index.php\/wp-json\/wp\/v2\/posts"}],"about":[{"href":"https:\/\/elinformanteperu.com\/index.php\/wp-json\/wp\/v2\/types\/post"}],"author":[{"embeddable":true,"href":"https:\/\/elinformanteperu.com\/index.php\/wp-json\/wp\/v2\/users\/1"}],"replies":[{"embeddable":true,"href":"https:\/\/elinformanteperu.com\/index.php\/wp-json\/wp\/v2\/comments?post=91134"}],"version-history":[{"count":1,"href":"https:\/\/elinformanteperu.com\/index.php\/wp-json\/wp\/v2\/posts\/91134\/revisions"}],"predecessor-version":[{"id":91136,"href":"https:\/\/elinformanteperu.com\/index.php\/wp-json\/wp\/v2\/posts\/91134\/revisions\/91136"}],"wp:featuredmedia":[{"embeddable":true,"href":"https:\/\/elinformanteperu.com\/index.php\/wp-json\/wp\/v2\/media\/84874"}],"wp:attachment":[{"href":"https:\/\/elinformanteperu.com\/index.php\/wp-json\/wp\/v2\/media?parent=91134"}],"wp:term":[{"taxonomy":"category","embeddable":true,"href":"https:\/\/elinformanteperu.com\/index.php\/wp-json\/wp\/v2\/categories?post=91134"},{"taxonomy":"post_tag","embeddable":true,"href":"https:\/\/elinformanteperu.com\/index.php\/wp-json\/wp\/v2\/tags?post=91134"}],"curies":[{"name":"wp","href":"https:\/\/api.w.org\/{rel}","templated":true}]}}