{"id":91131,"date":"2021-01-21T21:06:31","date_gmt":"2021-01-22T02:06:31","guid":{"rendered":"https:\/\/elinformanteperu.com\/?p=91131"},"modified":"2021-01-21T21:06:31","modified_gmt":"2021-01-22T02:06:31","slug":"sergio-aguero-anuncia-su-positivo-al-covid-19","status":"publish","type":"post","link":"https:\/\/elinformanteperu.com\/index.php\/2021\/01\/21\/sergio-aguero-anuncia-su-positivo-al-covid-19\/","title":{"rendered":"Sergio Ag\u00fcero anuncia su positivo al covid-19"},"content":{"rendered":"<p><span style=\"color: #000000;\"><strong>Manchester, 21 Enero 2021, (ANDINA).-<\/strong> En autoaislamiento desde hace unos diez d\u00edas tras haber sido &#8216;caso contacto&#8217; de una persona infectada por el nuevo coronavirus, el atacante argentino Sergio Ag\u00fcero (Manchester City) anunci\u00f3 este jueves que \u00e9l tambi\u00e9n ha dado positivo al covid-19.<\/span><\/p>\n<p><span style=\"color: #000000;\">\u00abDespu\u00e9s de aislarme por un contacto estrecho, un \u00faltimo test que me hicieron dio positivo de covid-19. Estuve con algunos s\u00edntomas y sigo las indicaciones de los m\u00e9dicos para recuperarme. \u00a1A seguir cuid\u00e1ndose!\u00bb, escribi\u00f3 el jugador en su cuenta de Twitter, sin precisar el tiempo estimado de su ausencia.<\/span><\/p>\n<p><span style=\"color: #000000;\">El Manchester City est\u00e1 entre los equipos m\u00e1s golpeados por el covid-19 en la Premier League, con por lo menos nueve jugadores positivos desde Navidad.<\/span><\/p>\n<p><span style=\"color: #000000;\">Adem\u00e1s del Kun Ag\u00fcero, jugadores como Gabriel Jes\u00fas, Kyle Walker, Ederson, Ferran Torres, Eric Garc\u00eda, Scott Carson, Cole Palmer y Tommy Doyle contrajeron la enfermedad.<\/span><\/p>\n<p><span style=\"color: #000000;\">Ag\u00fcero, de 32 a\u00f1os y quien finaliza contrato a finales de junio, est\u00e1 viviendo una temporada especialmente complicada debido a las lesiones.<\/span><\/p>\n<p><span style=\"color: #000000;\">Apenas ha participado en nueve partidos, teniendo en cuenta todas las competiciones, de ellos tres como titular.<\/span><\/p>\n<p><img fetchpriority=\"high\" decoding=\"async\" class=\"aligncenter size-full wp-image-17811\" src=\"https:\/\/elinformanteperu.com\/wp-content\/uploads\/2017\/11\/aguero-manchester.jpg\" alt=\"\" width=\"1800\" height=\"1198\" srcset=\"https:\/\/elinformanteperu.com\/wp-content\/uploads\/2017\/11\/aguero-manchester.jpg 1800w, https:\/\/elinformanteperu.com\/wp-content\/uploads\/2017\/11\/aguero-manchester-300x200.jpg 300w, https:\/\/elinformanteperu.com\/wp-content\/uploads\/2017\/11\/aguero-manchester-768x511.jpg 768w, https:\/\/elinformanteperu.com\/wp-content\/uploads\/2017\/11\/aguero-manchester-1024x682.jpg 1024w, https:\/\/elinformanteperu.com\/wp-content\/uploads\/2017\/11\/aguero-manchester-128x85.jpg 128w, https:\/\/elinformanteperu.com\/wp-content\/uploads\/2017\/11\/aguero-manchester-32x21.jpg 32w\" sizes=\"(max-width: 1800px) 100vw, 1800px\" \/><\/p>\n","protected":false},"excerpt":{"rendered":"<p>Manchester, 21 Enero 2021, (ANDINA).- En autoaislamiento desde hace unos diez d\u00edas tras haber sido &#8216;caso contacto&#8217; de una persona infectada por el nuevo coronavirus, el atacante argentino Sergio Ag\u00fcero (Manchester City) anunci\u00f3 este jueves que \u00e9l tambi\u00e9n ha dado positivo al covid-19. \u00abDespu\u00e9s de aislarme por un contacto estrecho, un \u00faltimo test que me [&hellip;]<\/p>\n","protected":false},"author":1,"featured_media":91132,"comment_status":"open","ping_status":"open","sticky":false,"template":"","format":"standard","meta":{"rop_custom_images_group":[],"rop_custom_messages_group":[],"rop_publish_now":"initial","rop_publish_now_accounts":[],"rop_publish_now_history":[],"rop_publish_now_status":"pending","footnotes":""},"categories":[8],"tags":[2214],"class_list":["post-91131","post","type-post","status-publish","format-standard","has-post-thumbnail","hentry","category-disciplinas-deportivas","tag-sergio-aguero"],"_links":{"self":[{"href":"https:\/\/elinformanteperu.com\/index.php\/wp-json\/wp\/v2\/posts\/91131","targetHints":{"allow":["GET"]}}],"collection":[{"href":"https:\/\/elinformanteperu.com\/index.php\/wp-json\/wp\/v2\/posts"}],"about":[{"href":"https:\/\/elinformanteperu.com\/index.php\/wp-json\/wp\/v2\/types\/post"}],"author":[{"embeddable":true,"href":"https:\/\/elinformanteperu.com\/index.php\/wp-json\/wp\/v2\/users\/1"}],"replies":[{"embeddable":true,"href":"https:\/\/elinformanteperu.com\/index.php\/wp-json\/wp\/v2\/comments?post=91131"}],"version-history":[{"count":1,"href":"https:\/\/elinformanteperu.com\/index.php\/wp-json\/wp\/v2\/posts\/91131\/revisions"}],"predecessor-version":[{"id":91133,"href":"https:\/\/elinformanteperu.com\/index.php\/wp-json\/wp\/v2\/posts\/91131\/revisions\/91133"}],"wp:featuredmedia":[{"embeddable":true,"href":"https:\/\/elinformanteperu.com\/index.php\/wp-json\/wp\/v2\/media\/91132"}],"wp:attachment":[{"href":"https:\/\/elinformanteperu.com\/index.php\/wp-json\/wp\/v2\/media?parent=91131"}],"wp:term":[{"taxonomy":"category","embeddable":true,"href":"https:\/\/elinformanteperu.com\/index.php\/wp-json\/wp\/v2\/categories?post=91131"},{"taxonomy":"post_tag","embeddable":true,"href":"https:\/\/elinformanteperu.com\/index.php\/wp-json\/wp\/v2\/tags?post=91131"}],"curies":[{"name":"wp","href":"https:\/\/api.w.org\/{rel}","templated":true}]}}