{"id":91125,"date":"2021-01-21T20:56:21","date_gmt":"2021-01-22T01:56:21","guid":{"rendered":"https:\/\/elinformanteperu.com\/?p=91125"},"modified":"2021-01-21T20:56:21","modified_gmt":"2021-01-22T01:56:21","slug":"fifa-y-las-seis-confederaciones-no-reconocerian-una-superliga-europea","status":"publish","type":"post","link":"https:\/\/elinformanteperu.com\/index.php\/2021\/01\/21\/fifa-y-las-seis-confederaciones-no-reconocerian-una-superliga-europea\/","title":{"rendered":"FIFA y las seis confederaciones no reconocer\u00edan una superliga europea"},"content":{"rendered":"<p><strong><span style=\"color: #000000;\">Futbolistas que la disputen no podr\u00e1n jugar mundiales ni torneos continentales de selecciones<\/span><\/strong><\/p>\n<p><span style=\"color: #000000;\"><strong>Z\u00farich, 21 Enero 2021, (ANDINA).-<\/strong> La FIFA y las seis confederaciones (UEFA, AFC, CAF, Concacaf, Conmebol y OFC) reiteraron \u00abfirmemente\u00bb en una declaraci\u00f3n que la creaci\u00f3n de una superliga europea, restringida a ciertos clubes del continente, no contar\u00eda con el reconocimiento ni de la FIFA ni de la confederaci\u00f3n correspondiente.<\/span><\/p>\n<p><span style=\"color: #000000;\">\u00abAquellos clubes o jugadores que disputaran dicha competici\u00f3n tendr\u00edan prohibido participar en las competiciones organizadas por la FIFA o la confederaci\u00f3n correspondiente\u00bb, se\u00f1ala el texto hecho p\u00fablico este jueves, \u00aba la luz de las recientes especulaciones de la prensa sobre la creaci\u00f3n\u00bb.<\/span><\/p>\n<p><span style=\"color: #000000;\">La declaraci\u00f3n recuerda que \u00abconforme a los estatutos de la FIFA y de las confederaciones, todas las competiciones deber\u00e1n estar organizadas o reconocidas por el organismo que corresponda a cada nivel: por la FIFA, a escala global, y por la confederaci\u00f3n, a escala continental\u00bb.<\/span><\/p>\n<p><span style=\"color: #000000;\">\u00abA este respecto, las confederaciones reconocen la Copa Mundial de Clubes de la FIFA, en su formato actual y en el nuevo, como la \u00fanica competici\u00f3n de clubes de alcance global y la FIFA reconoce las competiciones de clubes organizadas por las confederaciones como las \u00fanicas competiciones continentales\u00bb, a\u00f1ade.<\/span><\/p>\n<p><span style=\"color: #000000;\">Tambi\u00e9n insiste en que \u00ablos principios universales del m\u00e9rito deportivo, la solidaridad, el sistema de ascensos y descensos y la subsidiariedad son elementos clave en la pir\u00e1mide del f\u00fatbol, que garantizan el \u00e9xito global de este deporte y, por tanto, est\u00e1n recogidos en los estatutos de la FIFA y de las confederaciones\u00bb.<\/span><\/p>\n<p><span style=\"color: #000000;\">\u00abEl f\u00fatbol goza de una larga y pr\u00f3spera historia gracias a estos principios. Los resultados sobre el campo deben ser los que determinen siempre la participaci\u00f3n en las competiciones mundiales y continentales\u00bb, agrega la declaraci\u00f3n firmada por Gianni Infantino, presidente de la FIFA, el jeque Salm\u00e1n bin Ebrahim al Jalifa, presidente de la AFC; Constant Omari, presidente en funciones de la CAF; Vittorio Montagliani, presidente de la Concacaf; Alejandro Dom\u00ednguez, presidente de la Conmebol; Lambert Maltock, presidente de la OFC; y Aleksander Ceferin, presidente de la UEFA.<\/span><\/p>\n<p><img fetchpriority=\"high\" decoding=\"async\" class=\"aligncenter size-full wp-image-57330\" src=\"https:\/\/elinformanteperu.com\/wp-content\/uploads\/2019\/09\/FIFA-Gianni-Infantino.jpg\" alt=\"\" width=\"1800\" height=\"1200\" srcset=\"https:\/\/elinformanteperu.com\/wp-content\/uploads\/2019\/09\/FIFA-Gianni-Infantino.jpg 1800w, https:\/\/elinformanteperu.com\/wp-content\/uploads\/2019\/09\/FIFA-Gianni-Infantino-300x200.jpg 300w, https:\/\/elinformanteperu.com\/wp-content\/uploads\/2019\/09\/FIFA-Gianni-Infantino-768x512.jpg 768w, https:\/\/elinformanteperu.com\/wp-content\/uploads\/2019\/09\/FIFA-Gianni-Infantino-1024x683.jpg 1024w, https:\/\/elinformanteperu.com\/wp-content\/uploads\/2019\/09\/FIFA-Gianni-Infantino-128x85.jpg 128w, https:\/\/elinformanteperu.com\/wp-content\/uploads\/2019\/09\/FIFA-Gianni-Infantino-32x21.jpg 32w\" sizes=\"(max-width: 1800px) 100vw, 1800px\" \/><\/p>\n","protected":false},"excerpt":{"rendered":"<p>Futbolistas que la disputen no podr\u00e1n jugar mundiales ni torneos continentales de selecciones Z\u00farich, 21 Enero 2021, (ANDINA).- La FIFA y las seis confederaciones (UEFA, AFC, CAF, Concacaf, Conmebol y OFC) reiteraron \u00abfirmemente\u00bb en una declaraci\u00f3n que la creaci\u00f3n de una superliga europea, restringida a ciertos clubes del continente, no contar\u00eda con el reconocimiento ni [&hellip;]<\/p>\n","protected":false},"author":1,"featured_media":91126,"comment_status":"open","ping_status":"open","sticky":false,"template":"","format":"standard","meta":{"rop_custom_images_group":[],"rop_custom_messages_group":[],"rop_publish_now":"initial","rop_publish_now_accounts":[],"rop_publish_now_history":[],"rop_publish_now_status":"pending","footnotes":""},"categories":[8],"tags":[268],"class_list":["post-91125","post","type-post","status-publish","format-standard","has-post-thumbnail","hentry","category-disciplinas-deportivas","tag-fifa"],"_links":{"self":[{"href":"https:\/\/elinformanteperu.com\/index.php\/wp-json\/wp\/v2\/posts\/91125","targetHints":{"allow":["GET"]}}],"collection":[{"href":"https:\/\/elinformanteperu.com\/index.php\/wp-json\/wp\/v2\/posts"}],"about":[{"href":"https:\/\/elinformanteperu.com\/index.php\/wp-json\/wp\/v2\/types\/post"}],"author":[{"embeddable":true,"href":"https:\/\/elinformanteperu.com\/index.php\/wp-json\/wp\/v2\/users\/1"}],"replies":[{"embeddable":true,"href":"https:\/\/elinformanteperu.com\/index.php\/wp-json\/wp\/v2\/comments?post=91125"}],"version-history":[{"count":1,"href":"https:\/\/elinformanteperu.com\/index.php\/wp-json\/wp\/v2\/posts\/91125\/revisions"}],"predecessor-version":[{"id":91127,"href":"https:\/\/elinformanteperu.com\/index.php\/wp-json\/wp\/v2\/posts\/91125\/revisions\/91127"}],"wp:featuredmedia":[{"embeddable":true,"href":"https:\/\/elinformanteperu.com\/index.php\/wp-json\/wp\/v2\/media\/91126"}],"wp:attachment":[{"href":"https:\/\/elinformanteperu.com\/index.php\/wp-json\/wp\/v2\/media?parent=91125"}],"wp:term":[{"taxonomy":"category","embeddable":true,"href":"https:\/\/elinformanteperu.com\/index.php\/wp-json\/wp\/v2\/categories?post=91125"},{"taxonomy":"post_tag","embeddable":true,"href":"https:\/\/elinformanteperu.com\/index.php\/wp-json\/wp\/v2\/tags?post=91125"}],"curies":[{"name":"wp","href":"https:\/\/api.w.org\/{rel}","templated":true}]}}