{"id":91119,"date":"2021-01-21T20:36:59","date_gmt":"2021-01-22T01:36:59","guid":{"rendered":"https:\/\/elinformanteperu.com\/?p=91119"},"modified":"2021-01-21T20:36:59","modified_gmt":"2021-01-22T01:36:59","slug":"cortometraje-peruano-grabado-en-quechua-gana-festival-internacional-en-brasil","status":"publish","type":"post","link":"https:\/\/elinformanteperu.com\/index.php\/2021\/01\/21\/cortometraje-peruano-grabado-en-quechua-gana-festival-internacional-en-brasil\/","title":{"rendered":"Cortometraje peruano grabado en quechua gana festival internacional en Brasil"},"content":{"rendered":"<p><span style=\"color: #000000;\"><strong>Lima, 21 Enero 2021, (ANDINA).-<\/strong> El cortometraje peruano \u201cCuentos de Adobe\u201d fue elegido como el Mejor Cortometraje Internacional en el XIX Festival Nacional de Cine Estudiantil de Gua\u00edba, realizado en Brasil.<\/span><\/p>\n<p><span style=\"color: #000000;\">La organizaci\u00f3n del concurso destac\u00f3 a la producci\u00f3n nacional como una de las mejores tramas, convirti\u00e9ndose en el \u00fanico proyecto peruano ganador y superando trabajos procedentes de m\u00e1s de cien pa\u00edses.<\/span><\/p>\n<p><span style=\"color: #000000;\">El cortometraje, basado en la historia de un hombre que intenta mantener viva la inocencia de su nieto durante la \u00e9poca del terrorismo en nuestro pa\u00eds, recibi\u00f3 varias nominaciones en este importante certamen internacional. De esta manera, nuestros compatriotas alcanzaron el primer lugar en las categor\u00edas de Mejor ficci\u00f3n internacional, Mejor director y Mejor gui\u00f3n.<\/span><\/p>\n<p><span style=\"color: #000000;\">La trama que es narrada en quechua y espa\u00f1ol, cuenta la historia de Justino Pinchi, un abuelo que hace todo lo posible para que la inocencia de su nieto, Fausto, no se vea afectada por las graves consecuencias producidas por el terrorismo. Es as\u00ed que Justino intenta explicar los hechos que suceden a su alrededor a trav\u00e9s de diversos relatos en su peque\u00f1a casa de adobe.<\/span><\/p>\n<p><iframe src=\"https:\/\/www.youtube-nocookie.com\/embed\/_IAyrk9eUG4?controls=0\" width=\"520\" height=\"315\" frameborder=\"0\" allowfullscreen=\"allowfullscreen\"><\/iframe><\/p>\n","protected":false},"excerpt":{"rendered":"<p>Lima, 21 Enero 2021, (ANDINA).- El cortometraje peruano \u201cCuentos de Adobe\u201d fue elegido como el Mejor Cortometraje Internacional en el XIX Festival Nacional de Cine Estudiantil de Gua\u00edba, realizado en Brasil. La organizaci\u00f3n del concurso destac\u00f3 a la producci\u00f3n nacional como una de las mejores tramas, convirti\u00e9ndose en el \u00fanico proyecto peruano ganador y superando [&hellip;]<\/p>\n","protected":false},"author":1,"featured_media":91120,"comment_status":"open","ping_status":"open","sticky":false,"template":"","format":"standard","meta":{"rop_custom_images_group":[],"rop_custom_messages_group":[],"rop_publish_now":"initial","rop_publish_now_accounts":[],"rop_publish_now_history":[],"rop_publish_now_status":"pending","footnotes":""},"categories":[7],"tags":[1626,6340],"class_list":["post-91119","post","type-post","status-publish","format-standard","has-post-thumbnail","hentry","category-butaca","tag-cine-peruano","tag-cortometraje-peruano"],"_links":{"self":[{"href":"https:\/\/elinformanteperu.com\/index.php\/wp-json\/wp\/v2\/posts\/91119","targetHints":{"allow":["GET"]}}],"collection":[{"href":"https:\/\/elinformanteperu.com\/index.php\/wp-json\/wp\/v2\/posts"}],"about":[{"href":"https:\/\/elinformanteperu.com\/index.php\/wp-json\/wp\/v2\/types\/post"}],"author":[{"embeddable":true,"href":"https:\/\/elinformanteperu.com\/index.php\/wp-json\/wp\/v2\/users\/1"}],"replies":[{"embeddable":true,"href":"https:\/\/elinformanteperu.com\/index.php\/wp-json\/wp\/v2\/comments?post=91119"}],"version-history":[{"count":1,"href":"https:\/\/elinformanteperu.com\/index.php\/wp-json\/wp\/v2\/posts\/91119\/revisions"}],"predecessor-version":[{"id":91121,"href":"https:\/\/elinformanteperu.com\/index.php\/wp-json\/wp\/v2\/posts\/91119\/revisions\/91121"}],"wp:featuredmedia":[{"embeddable":true,"href":"https:\/\/elinformanteperu.com\/index.php\/wp-json\/wp\/v2\/media\/91120"}],"wp:attachment":[{"href":"https:\/\/elinformanteperu.com\/index.php\/wp-json\/wp\/v2\/media?parent=91119"}],"wp:term":[{"taxonomy":"category","embeddable":true,"href":"https:\/\/elinformanteperu.com\/index.php\/wp-json\/wp\/v2\/categories?post=91119"},{"taxonomy":"post_tag","embeddable":true,"href":"https:\/\/elinformanteperu.com\/index.php\/wp-json\/wp\/v2\/tags?post=91119"}],"curies":[{"name":"wp","href":"https:\/\/api.w.org\/{rel}","templated":true}]}}