{"id":91075,"date":"2021-01-20T22:48:47","date_gmt":"2021-01-21T03:48:47","guid":{"rendered":"https:\/\/elinformanteperu.com\/?p=91075"},"modified":"2021-01-20T22:48:47","modified_gmt":"2021-01-21T03:48:47","slug":"minsa-confirma-3406-casos-covid-19-en-ultimas-24-horas-la-cifra-diaria-mas-alta-de-enero","status":"publish","type":"post","link":"https:\/\/elinformanteperu.com\/index.php\/2021\/01\/20\/minsa-confirma-3406-casos-covid-19-en-ultimas-24-horas-la-cifra-diaria-mas-alta-de-enero\/","title":{"rendered":"Minsa confirma 3,406 casos covid-19 en \u00faltimas 24 horas, la cifra diaria m\u00e1s alta de enero"},"content":{"rendered":"<p><strong><span style=\"color: #000000;\">A la fecha, en todo el pa\u00eds hay 9,357 pacientes hospitalizados, 414 m\u00e1s que en la v\u00edspera<\/span><\/strong><\/p>\n<p><span style=\"color: #000000;\"><strong>Lima, 20 Enero 2021, (ANDINA).-<\/strong> Autoridades el Ministerio de Salud (Minsa) reportaron esta noche 3,406 casos confirmados de covid-19 en las \u00faltimas 24 horas \u2013la cifra diaria m\u00e1s alta en el Per\u00fa en lo que va de enero\u2013 y sumaron 113 v\u00edctimas al recuento total de fallecidos desde el inicio de la emergencia sanitaria.<\/span><\/p>\n<p><span style=\"color: #000000;\">Con estos n\u00fameros, el total de casos confirmados de coronavirus en el pa\u00eds subi\u00f3 a un mill\u00f3n 78,675 desde marzo del 2020 (1\u2019073,214 en la v\u00edspera) y el de fallecidos pas\u00f3 a 39,157 (39,044 en el reporte de ayer).<\/span><\/p>\n<p><span style=\"color: #000000;\">En su habitual comunicado sobre el estado de la pandemia, el Minsa detall\u00f3 que \u201chasta las 22:00 horas del d\u00eda 19 de enero de 2021 se han procesado muestras para 5\u2019958,860 personas por la covid-19, obteni\u00e9ndose 1\u2019078,675 casos confirmados y 4\u2019880,185 negativos\u201d.<\/span><\/p>\n<p><span style=\"color: #000000;\">\u201cDurante el 19 de enero se registraron los resultados de 30,856 personas muestreadas (con pruebas moleculares y serol\u00f3gicas), de los cuales 3,406 fueron casos sintom\u00e1ticos confirmados de ese d\u00eda\u201d, public\u00f3 el Minsa.<\/span><\/p>\n<p><span style=\"color: #000000;\">Adem\u00e1s, \u201cse registraron parcialmente los resultados de 5,461 casos confirmados por covid-19 de los siete d\u00edas anteriores\u201d.<\/span><\/p>\n<p><strong><span style=\"color: #000000;\">Hospitalizados y UCI<\/span><\/strong><\/p>\n<p><span style=\"color: #000000;\">Con una segunda ola en franco ascenso, el sector Salud a\u00f1adi\u00f3 que, a la fecha, \u201cse tienen 9,357 pacientes hospitalizados por la covid-19\u201d, 414 m\u00e1s que las 8,943 personas internadas del d\u00eda anterior.<\/span><\/p>\n<p><span style=\"color: #000000;\">Del total de contagiados hospitalizados, 1,711 se encuentran hoy en unidades de cuidados intensivos con ventilaci\u00f3n mec\u00e1nica (1,696 el d\u00eda anterior).<\/span><\/p>\n<p><strong><span style=\"color: #000000;\">Curados y fallecidos<\/span><\/strong><\/p>\n<p><span style=\"color: #000000;\">Entre las cifras de la pandemia, el informe del sector Salud confirma tambi\u00e9n que el Per\u00fa se acerca al mill\u00f3n de curados del covid-19, en poco m\u00e1s de 10 meses de emergencia sanitaria.<\/span><\/p>\n<p><span style=\"color: #000000;\">\u201cDel total de casos confirmados, a la fecha 993,509 personas cumplieron su per\u00edodo de aislamiento domiciliario o fueron dados de alta de un establecimiento de salud\u201d, a\u00f1ade el reporte. Entre tanto, las altas hospitalarias del d\u00eda fueron 163 (166 en la v\u00edspera).<\/span><\/p>\n<p><span style=\"color: #000000;\">En cuanto al total de fallecidos, \u201cel Ministerio de Salud lamenta informar que la covid-19 ha producido el fallecimiento de 39,157 ciudadanos en el pa\u00eds. Expresamos nuestras sentidas condolencias a los familiares en este momento de dolor\u201d.<\/span><\/p>\n<p><span style=\"color: #000000;\">La presidenta del Consejo de Ministros, Violeta Berm\u00fadez, sostuvo esta tarde que el Gobierno eval\u00faa permanentemente la evoluci\u00f3n de la pandemia en el pa\u00eds y asegur\u00f3 que, por el momento, no se ha considerado el confinamiento de la poblaci\u00f3n como medida ante la segunda ola del covid-19.<\/span><\/p>\n","protected":false},"excerpt":{"rendered":"<p>A la fecha, en todo el pa\u00eds hay 9,357 pacientes hospitalizados, 414 m\u00e1s que en la v\u00edspera Lima, 20 Enero 2021, (ANDINA).- Autoridades el Ministerio de Salud (Minsa) reportaron esta noche 3,406 casos confirmados de covid-19 en las \u00faltimas 24 horas \u2013la cifra diaria m\u00e1s alta en el Per\u00fa en lo que va de enero\u2013 [&hellip;]<\/p>\n","protected":false},"author":1,"featured_media":91076,"comment_status":"open","ping_status":"open","sticky":false,"template":"","format":"standard","meta":{"rop_custom_images_group":[],"rop_custom_messages_group":[],"rop_publish_now":"initial","rop_publish_now_accounts":[],"rop_publish_now_history":[],"rop_publish_now_status":"pending","footnotes":""},"categories":[10],"tags":[5236,6322,5364,388,431],"class_list":["post-91075","post","type-post","status-publish","format-standard","has-post-thumbnail","hentry","category-actualidad-municipal","tag-coronavirus","tag-covid-segunda-ola","tag-covid-19","tag-ministerio-de-salud","tag-minsa"],"_links":{"self":[{"href":"https:\/\/elinformanteperu.com\/index.php\/wp-json\/wp\/v2\/posts\/91075","targetHints":{"allow":["GET"]}}],"collection":[{"href":"https:\/\/elinformanteperu.com\/index.php\/wp-json\/wp\/v2\/posts"}],"about":[{"href":"https:\/\/elinformanteperu.com\/index.php\/wp-json\/wp\/v2\/types\/post"}],"author":[{"embeddable":true,"href":"https:\/\/elinformanteperu.com\/index.php\/wp-json\/wp\/v2\/users\/1"}],"replies":[{"embeddable":true,"href":"https:\/\/elinformanteperu.com\/index.php\/wp-json\/wp\/v2\/comments?post=91075"}],"version-history":[{"count":1,"href":"https:\/\/elinformanteperu.com\/index.php\/wp-json\/wp\/v2\/posts\/91075\/revisions"}],"predecessor-version":[{"id":91077,"href":"https:\/\/elinformanteperu.com\/index.php\/wp-json\/wp\/v2\/posts\/91075\/revisions\/91077"}],"wp:featuredmedia":[{"embeddable":true,"href":"https:\/\/elinformanteperu.com\/index.php\/wp-json\/wp\/v2\/media\/91076"}],"wp:attachment":[{"href":"https:\/\/elinformanteperu.com\/index.php\/wp-json\/wp\/v2\/media?parent=91075"}],"wp:term":[{"taxonomy":"category","embeddable":true,"href":"https:\/\/elinformanteperu.com\/index.php\/wp-json\/wp\/v2\/categories?post=91075"},{"taxonomy":"post_tag","embeddable":true,"href":"https:\/\/elinformanteperu.com\/index.php\/wp-json\/wp\/v2\/tags?post=91075"}],"curies":[{"name":"wp","href":"https:\/\/api.w.org\/{rel}","templated":true}]}}