{"id":90997,"date":"2021-01-20T00:14:47","date_gmt":"2021-01-20T05:14:47","guid":{"rendered":"https:\/\/elinformanteperu.com\/?p=90997"},"modified":"2021-01-20T00:14:47","modified_gmt":"2021-01-20T05:14:47","slug":"comision-permanente-debatira-informe-que-recomienda-acusar-a-cesar-hinostroza","status":"publish","type":"post","link":"https:\/\/elinformanteperu.com\/index.php\/2021\/01\/20\/comision-permanente-debatira-informe-que-recomienda-acusar-a-cesar-hinostroza\/","title":{"rendered":"Comisi\u00f3n Permanente debatir\u00e1 informe que recomienda acusar a C\u00e9sar Hinostroza"},"content":{"rendered":"<p><strong><span style=\"color: #000000;\">Por los delitos de organizaci\u00f3n criminal, patrocinio ilegal y otros<\/span><\/strong><\/p>\n<p><span style=\"color: #000000;\"><strong>Lima, 19 Enero 2021, (ANDINA).-<\/strong> La Comisi\u00f3n Permanente del Congreso sesionar\u00e1 este viernes desde las 08:00 horas con el fin de continuar con el procedimiento de acusaciones constitucionales, entre ellas el informe que recomienda acusar al C\u00e9sar Hinostroza Pariachi.<\/span><\/p>\n<p><span style=\"color: #000000;\">Seg\u00fan la agenda establecida, se debatir\u00e1 el informe final de la denuncia constitucional 247, formulada por el fiscal supremo titular, Pablo S\u00e1nchez Velarde, contra Hinostroza Pariachi, en su condici\u00f3n de exjuez supremo.<\/span><\/p>\n<p><span style=\"color: #000000;\">La acusaci\u00f3n incluye a Julio Guti\u00e9rrez Pebe, Guido Aguila Grados, Orlando Vel\u00e1squez Benites e lv\u00e1n Noguera Ramos, en su calidad de exintegrantes del antiguo Consejo Nacional de la Magistratura (CNM).<\/span><\/p>\n<p><span style=\"color: #000000;\">El documento recomienda acusar a Hinostroza Pariachi por la presunta comisi\u00f3n de los delitos de organizaci\u00f3n criminal, patrocinio ilegal, cohecho pasivo espec\u00edfico, cohecho activo espec\u00edfico y tr\u00e1fico de influencias, tipificados en los art\u00edculos 317, 385, 395, 398 y 400 del C\u00f3digo Penal, respectivamente.<\/span><\/p>\n<p><span style=\"color: #000000;\">Asimismo, se recomienda acusar a Iv\u00e1n Noguera Ramos, Julio Guti\u00e9rrez Pebe, Guido Aguila Grados y Orlando Vel\u00e1squez Benites por la presunta comisi\u00f3n de los delitos de organizaci\u00f3n criminal y otros tipificados en los art\u00edculos 317, 385 y 395 del C\u00f3digo Penal.<\/span><\/p>\n<p><span style=\"color: #000000;\">Si el informe es aprobado, la Comisi\u00f3n Permanente nombra una subcomisi\u00f3n acusadora integrada por uno o m\u00e1s miembros de la Subcomisi\u00f3n de Acusaciones Constitucionales, propuestos por su presidente al momento de presentar el informe final, a efecto de que sustente el informe y formule acusaci\u00f3n en su nombre ante el Pleno del Congreso.<\/span><\/p>\n<p><strong><span style=\"color: #000000;\">Plazo de investigaci\u00f3n<\/span><\/strong><\/p>\n<p><span style=\"color: #000000;\">La Comisi\u00f3n Permanente tambi\u00e9n consultar\u00e1 el plazo dentro del cual la Subcomisi\u00f3n de Acusaciones Constitucionales realizar\u00e1 la investigaci\u00f3n y presentar\u00e1 su informe, respecto a algunas denuncias constitucionales declaradas procedentes y que son las siguientes:<\/span><\/p>\n<p><span style=\"color: #000000;\">La denuncia constitucional 244, formulada por el exfiscal de la Naci\u00f3n, Pedro Ch\u00e1varry Vallejos, contra el exministro de Transportes y Comunicaciones Bruno Giuffra; la denuncia 376, presentada por la fiscal de la Naci\u00f3n, Zoraida \u00c1valos contra el exjuez C\u00e9sar Hinostroza.<\/span><\/p>\n<p><span style=\"color: #000000;\">Tambi\u00e9n figura la denuncia 374 que formul\u00f3 la fiscal Zoraida \u00c1valos contra del excontralor general de la Rep\u00fablica \u00c9dgar Alarc\u00f3n Tejada, y contra los excongresistas \u00c1ngel Javier Vel\u00e1squez Quesqu\u00e9n y Jos\u00e9 Marvin Palma Mendoza,<\/span><\/p>\n<p><span style=\"color: #000000;\">Adem\u00e1s, la agenda incluye la denuncia constitucional 258 del exfiscal de la Naci\u00f3n, Pedro Ch\u00e1varry contra la excongresista Marita Herrera Ar\u00e9valo; y la denuncia 290 de la excongresista Yeni Vilcatoma contra Mart\u00edn Vizcarra Cornejo en su condici\u00f3n de exministro de Transportes y Comunicaciones.<\/span><\/p>\n","protected":false},"excerpt":{"rendered":"<p>Por los delitos de organizaci\u00f3n criminal, patrocinio ilegal y otros Lima, 19 Enero 2021, (ANDINA).- La Comisi\u00f3n Permanente del Congreso sesionar\u00e1 este viernes desde las 08:00 horas con el fin de continuar con el procedimiento de acusaciones constitucionales, entre ellas el informe que recomienda acusar al C\u00e9sar Hinostroza Pariachi. Seg\u00fan la agenda establecida, se debatir\u00e1 [&hellip;]<\/p>\n","protected":false},"author":1,"featured_media":76855,"comment_status":"open","ping_status":"open","sticky":false,"template":"","format":"standard","meta":{"rop_custom_images_group":[],"rop_custom_messages_group":[],"rop_publish_now":"initial","rop_publish_now_accounts":[],"rop_publish_now_history":[],"rop_publish_now_status":"pending","footnotes":""},"categories":[5],"tags":[3376,192],"class_list":["post-90997","post","type-post","status-publish","format-standard","has-post-thumbnail","hentry","category-actualidad-informativa","tag-cesar-hinostroza","tag-congreso"],"_links":{"self":[{"href":"https:\/\/elinformanteperu.com\/index.php\/wp-json\/wp\/v2\/posts\/90997","targetHints":{"allow":["GET"]}}],"collection":[{"href":"https:\/\/elinformanteperu.com\/index.php\/wp-json\/wp\/v2\/posts"}],"about":[{"href":"https:\/\/elinformanteperu.com\/index.php\/wp-json\/wp\/v2\/types\/post"}],"author":[{"embeddable":true,"href":"https:\/\/elinformanteperu.com\/index.php\/wp-json\/wp\/v2\/users\/1"}],"replies":[{"embeddable":true,"href":"https:\/\/elinformanteperu.com\/index.php\/wp-json\/wp\/v2\/comments?post=90997"}],"version-history":[{"count":1,"href":"https:\/\/elinformanteperu.com\/index.php\/wp-json\/wp\/v2\/posts\/90997\/revisions"}],"predecessor-version":[{"id":90998,"href":"https:\/\/elinformanteperu.com\/index.php\/wp-json\/wp\/v2\/posts\/90997\/revisions\/90998"}],"wp:featuredmedia":[{"embeddable":true,"href":"https:\/\/elinformanteperu.com\/index.php\/wp-json\/wp\/v2\/media\/76855"}],"wp:attachment":[{"href":"https:\/\/elinformanteperu.com\/index.php\/wp-json\/wp\/v2\/media?parent=90997"}],"wp:term":[{"taxonomy":"category","embeddable":true,"href":"https:\/\/elinformanteperu.com\/index.php\/wp-json\/wp\/v2\/categories?post=90997"},{"taxonomy":"post_tag","embeddable":true,"href":"https:\/\/elinformanteperu.com\/index.php\/wp-json\/wp\/v2\/tags?post=90997"}],"curies":[{"name":"wp","href":"https:\/\/api.w.org\/{rel}","templated":true}]}}