{"id":90850,"date":"2021-01-17T13:06:35","date_gmt":"2021-01-17T18:06:35","guid":{"rendered":"https:\/\/elinformanteperu.com\/?p=90850"},"modified":"2021-01-17T13:06:35","modified_gmt":"2021-01-17T18:06:35","slug":"coronavirus-recuerda-las-ultimas-medidas-dictadas-por-el-gobierno-ante-la-pandemia","status":"publish","type":"post","link":"https:\/\/elinformanteperu.com\/index.php\/2021\/01\/17\/coronavirus-recuerda-las-ultimas-medidas-dictadas-por-el-gobierno-ante-la-pandemia\/","title":{"rendered":"Coronavirus: recuerda las \u00faltimas medidas dictadas por el Gobierno ante la pandemia"},"content":{"rendered":"<p><strong><span style=\"color: #000000;\">Entraron en vigencia ayer y van hasta el 31 de enero<\/span><\/strong><\/p>\n<p><span style=\"color: #000000;\"><strong>Lima, 16 Enero 2021, (ANDINA).-<\/strong> El conjunto de medidas dictadas por el Gobierno para prevenir los contagios por coronavirus en el pa\u00eds entraron en vigencia en la v\u00edspera. Conozca en detalle cada una de ellas.\u00a0<\/span><\/p>\n<p><strong><span style=\"color: #000000;\">1. Alerta muy alta<\/span><\/strong><\/p>\n<p><span style=\"color: #000000;\">\u00c1ncash, Ica, Jun\u00edn, Lambayeque, Lima regiones, Piura y Tacna.<\/span><\/p>\n<p><strong><span style=\"color: #000000;\">Medidas:<\/span><\/strong><br \/>\n<span style=\"color: #000000;\">-Inmovilizaci\u00f3n social obligatoria de 19:00 a 04:00 horas del d\u00eda siguiente.<\/span><br \/>\n<span style=\"color: #000000;\">-Tr\u00e1nsito vehicular restringido los domingos.<\/span><br \/>\n<span style=\"color: #000000;\">-Tr\u00e1nsito peatonal restringido los domingos.<\/span><\/p>\n<p><strong><span style=\"color: #000000;\">Aforos:<\/span><\/strong><br \/>\n<span style=\"color: #000000;\">-20% casino, gimnasio, cine, teatro, artes esc\u00e9nicas.<\/span><br \/>\n<span style=\"color: #000000;\">-30% centros comerciales, galer\u00edas, tienda por departamento y tiendas.<\/span><br \/>\n<span style=\"color: #000000;\">-40% restaurantes.<\/span><br \/>\n<span style=\"color: #000000;\">10% iglesias.<\/span><\/p>\n<p><strong><span style=\"color: #000000;\">2. Alerta alta<\/span><\/strong><\/p>\n<p><span style=\"color: #000000;\">Arequipa, Apur\u00edmac, Cajamarca, Callao, Cusco, Hu\u00e1nuco, Libertad, Lima Metropolitana, Madre de Dios, Moquegua, Pasco, Puno y Tumbes.<\/span><\/p>\n<p><strong><span style=\"color: #000000;\">Medidas<\/span><\/strong><\/p>\n<p><span style=\"color: #000000;\">-Inmovilizaci\u00f3n social obligatoria de 21:00 a las 04:00 horas del d\u00eda siguiente.<\/span><br \/>\n<span style=\"color: #000000;\">-Tr\u00e1nsito vehicular restringido los d\u00edas domingo.<\/span><\/p>\n<p><strong><span style=\"color: #000000;\">Aforos<\/span><\/strong><\/p>\n<p><span style=\"color: #000000;\">-30% casinos, gimnasios, cines teatros, artes esc\u00e9nicas. <\/span><br \/>\n<span style=\"color: #000000;\">-40% Centro comercial, galer\u00edas, tiendas por departamento y tiendas.<\/span><br \/>\n<span style=\"color: #000000;\">-50% restaurantes.<\/span><br \/>\n<span style=\"color: #000000;\">-20% iglesias.<\/span><\/p>\n<p><strong><span style=\"color: #000000;\">3. Alerta moderada<\/span><\/strong><br \/>\n<span style=\"color: #000000;\">Amazonas, Ayacucho, Huancavelica, Loreto, San Mart\u00edn y Ucayali.<\/span><\/p>\n<p><strong><span style=\"color: #000000;\">Medidas<\/span><\/strong><br \/>\n<span style=\"color: #000000;\">-Inmovilizaci\u00f3n social de 23:00 horas hasta las 4:00 horas del d\u00eda siguiente<\/span><\/p>\n<p><strong><span style=\"color: #000000;\">Aforos<\/span><\/strong><\/p>\n<p><span style=\"color: #000000;\">-40% casinos, gimnasios, cines teatros, artes esc\u00e9nicas.<\/span><br \/>\n<span style=\"color: #000000;\">-50% centros comerciales, galer\u00edas, tiendas por departamento y tiendas.<\/span><br \/>\n<span style=\"color: #000000;\">-60% restaurantes.<\/span><br \/>\n<span style=\"color: #000000;\">&#8211; 30% iglesias.<\/span><\/p>\n<p><span style=\"color: #000000;\">El Gobierno tambi\u00e9n dispuso ampliar la restricci\u00f3n en el uso de playas hasta el 31 de enero, indic\u00f3 la presidenta del Consejo de Ministros.<\/span><\/p>\n","protected":false},"excerpt":{"rendered":"<p>Entraron en vigencia ayer y van hasta el 31 de enero Lima, 16 Enero 2021, (ANDINA).- El conjunto de medidas dictadas por el Gobierno para prevenir los contagios por coronavirus en el pa\u00eds entraron en vigencia en la v\u00edspera. Conozca en detalle cada una de ellas.\u00a0 1. Alerta muy alta \u00c1ncash, Ica, Jun\u00edn, Lambayeque, Lima [&hellip;]<\/p>\n","protected":false},"author":1,"featured_media":69903,"comment_status":"open","ping_status":"open","sticky":false,"template":"","format":"standard","meta":{"rop_custom_images_group":[],"rop_custom_messages_group":[],"rop_publish_now":"initial","rop_publish_now_accounts":[],"rop_publish_now_history":[],"rop_publish_now_status":"pending","footnotes":""},"categories":[5],"tags":[],"class_list":["post-90850","post","type-post","status-publish","format-standard","has-post-thumbnail","hentry","category-actualidad-informativa"],"_links":{"self":[{"href":"https:\/\/elinformanteperu.com\/index.php\/wp-json\/wp\/v2\/posts\/90850","targetHints":{"allow":["GET"]}}],"collection":[{"href":"https:\/\/elinformanteperu.com\/index.php\/wp-json\/wp\/v2\/posts"}],"about":[{"href":"https:\/\/elinformanteperu.com\/index.php\/wp-json\/wp\/v2\/types\/post"}],"author":[{"embeddable":true,"href":"https:\/\/elinformanteperu.com\/index.php\/wp-json\/wp\/v2\/users\/1"}],"replies":[{"embeddable":true,"href":"https:\/\/elinformanteperu.com\/index.php\/wp-json\/wp\/v2\/comments?post=90850"}],"version-history":[{"count":1,"href":"https:\/\/elinformanteperu.com\/index.php\/wp-json\/wp\/v2\/posts\/90850\/revisions"}],"predecessor-version":[{"id":90851,"href":"https:\/\/elinformanteperu.com\/index.php\/wp-json\/wp\/v2\/posts\/90850\/revisions\/90851"}],"wp:featuredmedia":[{"embeddable":true,"href":"https:\/\/elinformanteperu.com\/index.php\/wp-json\/wp\/v2\/media\/69903"}],"wp:attachment":[{"href":"https:\/\/elinformanteperu.com\/index.php\/wp-json\/wp\/v2\/media?parent=90850"}],"wp:term":[{"taxonomy":"category","embeddable":true,"href":"https:\/\/elinformanteperu.com\/index.php\/wp-json\/wp\/v2\/categories?post=90850"},{"taxonomy":"post_tag","embeddable":true,"href":"https:\/\/elinformanteperu.com\/index.php\/wp-json\/wp\/v2\/tags?post=90850"}],"curies":[{"name":"wp","href":"https:\/\/api.w.org\/{rel}","templated":true}]}}