{"id":90846,"date":"2021-01-17T12:54:45","date_gmt":"2021-01-17T17:54:45","guid":{"rendered":"https:\/\/elinformanteperu.com\/?p=90846"},"modified":"2021-01-17T12:54:45","modified_gmt":"2021-01-17T17:54:45","slug":"pedro-chavarry-las-acusaciones-contra-el-suspendido-fiscal-supremo","status":"publish","type":"post","link":"https:\/\/elinformanteperu.com\/index.php\/2021\/01\/17\/pedro-chavarry-las-acusaciones-contra-el-suspendido-fiscal-supremo\/","title":{"rendered":"Pedro Ch\u00e1varry: las acusaciones contra el suspendido fiscal supremo"},"content":{"rendered":"<p><strong><span style=\"color: #000000;\">JNJ ver\u00e1 su destituci\u00f3n en los pr\u00f3ximos d\u00edas<\/span><\/strong><\/p>\n<p><span style=\"color: #000000;\"><strong>Lima, 16 Enero 2021, (ANDINA).-<\/strong> En los pr\u00f3ximos d\u00edas, la Junta Nacional de Justicia (JNJ) definir\u00e1 si destituye o no al exfiscal de la Naci\u00f3n y fiscal supremo suspendido Pedro Ch\u00e1varry, en el marco del proceso disciplinario abierto en su contra por el caso Los Cuellos Blancos del Puerto.<\/span><\/p>\n<p><span style=\"color: #000000;\">El proceso disciplinario se inici\u00f3 en febrero del 2020, y en julio de ese a\u00f1o la JNJ dict\u00f3 su suspensi\u00f3n por seis meses, a fin de que la investigaci\u00f3n no se vea afectada. A continuaci\u00f3n, las acusaciones que pesan sobre el exfiscal de la Naci\u00f3n.<\/span><\/p>\n<p><strong><span style=\"color: #000000;\">Los Cuellos Blancos del Puerto<\/span><\/strong><\/p>\n<p><span style=\"color: #000000;\">El 14 octubre del 2019, el fiscal supremo Pablo S\u00e1nchez Velarde incluy\u00f3 a Pedro Ch\u00e1varry en la investigaci\u00f3n a la red Los Cuellos Blancos del Puerto, que comprend\u00eda inicialmente solo al ex juez supremo C\u00e9sar Hinostroza y los exintegrantes del desactivado Consejo Nacional de la Magistratura (CNM).<\/span><\/p>\n<p><span style=\"color: #000000;\">Se ampli\u00f3 la investigaci\u00f3n basada en los audios de las interceptaciones telef\u00f3nicas, las declaraciones de colaboradores eficaces y los testigos protegidos; as\u00ed como los informes de la Polic\u00eda Nacional y de las fiscales Roc\u00edo S\u00e1nchez y Sandra Castro.<\/span><\/p>\n<p><strong><span style=\"color: #000000;\">Separaci\u00f3n de fiscales Vela y P\u00e9rez<\/span><\/strong><\/p>\n<p><span style=\"color: #000000;\">El 31 de diciembre del 2018, Pedro Ch\u00e1varry, en su condici\u00f3n de fiscal de la Naci\u00f3n, separ\u00f3 a los fiscales Rafael Vela y Jos\u00e9 Domingo P\u00e9rez, del equipo especial Lava Jato, luego de que pidieran denunciarlo por entorpecer la firma del acuerdo de colaboraci\u00f3n eficaz con la empresa Odebrecht y encubrimiento a favor de la investigada Keiko Fujimori.<\/span><\/p>\n<p><span style=\"color: #000000;\">Por ese tema, la fiscal suprema Bersabeth Revilla Corrales solicit\u00f3 al Poder Judicial 18 meses de suspensi\u00f3n preventiva de derechos contra Ch\u00e1varry, por el alto riesgo de que obstruyera la investigaci\u00f3n.<\/span><\/p>\n<p><span style=\"color: #000000;\">Se le atribuy\u00f3 haber intentado frustrar las investigaciones del equipo especial Lava Jato y de solicitar informaci\u00f3n sobre el acuerdo de colaboraci\u00f3n que se negociaba con Odebrecht para usarla presuntamente a favor de un grupo pol\u00edtico, a pesar de que no le correspond\u00eda hacerlo por la reserva del proceso.<\/span><\/p>\n<p><span style=\"color: #000000;\">En agosto del 2020, el Juzgado Supremo de Investigaci\u00f3n Preparatoria del Poder Judicial dict\u00f3 su suspensi\u00f3n en el cargo de fiscal supremo por 18 meses.<\/span><\/p>\n<p><strong><span style=\"color: #000000;\">Deslacrado de oficinas<\/span><\/strong><\/p>\n<p><span style=\"color: #000000;\">La fiscal de la Naci\u00f3n, Zoraida \u00c1valos Rivera, present\u00f3 el 15 de mayo del 2019 una denuncia constitucional ante el Congreso de la Rep\u00fablica contra Pedro Ch\u00e1varry, por los delitos de encubrimiento real, encubrimiento personal y atentado contra la conservaci\u00f3n e identidad de objeto.<\/span><\/p>\n<p><span style=\"color: #000000;\">La denuncia estaba relacionada con el ingreso a las oficinas del Ministerio P\u00fablico lacradas por el fiscal Jos\u00e9 Domingo P\u00e9rez en el marco de las investigaciones a Keiko Fujimori.<\/span><\/p>\n<p><span style=\"color: #000000;\">Seg\u00fan informaron esta semana medios de prensa locales, la JNJ resolver\u00e1 en diez d\u00edas la destituci\u00f3n de Pedro Ch\u00e1varry por grave inconducta funcional, a propuesta de la ponente de la investigaci\u00f3n Imelda Tumial\u00e1n Pinto.<\/span><\/p>\n","protected":false},"excerpt":{"rendered":"<p>JNJ ver\u00e1 su destituci\u00f3n en los pr\u00f3ximos d\u00edas Lima, 16 Enero 2021, (ANDINA).- En los pr\u00f3ximos d\u00edas, la Junta Nacional de Justicia (JNJ) definir\u00e1 si destituye o no al exfiscal de la Naci\u00f3n y fiscal supremo suspendido Pedro Ch\u00e1varry, en el marco del proceso disciplinario abierto en su contra por el caso Los Cuellos Blancos [&hellip;]<\/p>\n","protected":false},"author":1,"featured_media":60810,"comment_status":"open","ping_status":"open","sticky":false,"template":"","format":"standard","meta":{"rop_custom_images_group":[],"rop_custom_messages_group":[],"rop_publish_now":"initial","rop_publish_now_accounts":[],"rop_publish_now_history":[],"rop_publish_now_status":"pending","footnotes":""},"categories":[5],"tags":[3693,3573,3490,3209,163],"class_list":["post-90846","post","type-post","status-publish","format-standard","has-post-thumbnail","hentry","category-actualidad-informativa","tag-jnj","tag-junta-nacional-de-justicia","tag-los-cuellos-blancos-del-puerto","tag-pedro-chavarry","tag-poder-judicial"],"_links":{"self":[{"href":"https:\/\/elinformanteperu.com\/index.php\/wp-json\/wp\/v2\/posts\/90846","targetHints":{"allow":["GET"]}}],"collection":[{"href":"https:\/\/elinformanteperu.com\/index.php\/wp-json\/wp\/v2\/posts"}],"about":[{"href":"https:\/\/elinformanteperu.com\/index.php\/wp-json\/wp\/v2\/types\/post"}],"author":[{"embeddable":true,"href":"https:\/\/elinformanteperu.com\/index.php\/wp-json\/wp\/v2\/users\/1"}],"replies":[{"embeddable":true,"href":"https:\/\/elinformanteperu.com\/index.php\/wp-json\/wp\/v2\/comments?post=90846"}],"version-history":[{"count":1,"href":"https:\/\/elinformanteperu.com\/index.php\/wp-json\/wp\/v2\/posts\/90846\/revisions"}],"predecessor-version":[{"id":90847,"href":"https:\/\/elinformanteperu.com\/index.php\/wp-json\/wp\/v2\/posts\/90846\/revisions\/90847"}],"wp:featuredmedia":[{"embeddable":true,"href":"https:\/\/elinformanteperu.com\/index.php\/wp-json\/wp\/v2\/media\/60810"}],"wp:attachment":[{"href":"https:\/\/elinformanteperu.com\/index.php\/wp-json\/wp\/v2\/media?parent=90846"}],"wp:term":[{"taxonomy":"category","embeddable":true,"href":"https:\/\/elinformanteperu.com\/index.php\/wp-json\/wp\/v2\/categories?post=90846"},{"taxonomy":"post_tag","embeddable":true,"href":"https:\/\/elinformanteperu.com\/index.php\/wp-json\/wp\/v2\/tags?post=90846"}],"curies":[{"name":"wp","href":"https:\/\/api.w.org\/{rel}","templated":true}]}}