{"id":90844,"date":"2021-01-17T12:43:42","date_gmt":"2021-01-17T17:43:42","guid":{"rendered":"https:\/\/elinformanteperu.com\/?p=90844"},"modified":"2021-01-17T12:43:42","modified_gmt":"2021-01-17T17:43:42","slug":"apra-debe-reinscribirse-con-los-jovenes-afirma-nidia-vilchez","status":"publish","type":"post","link":"https:\/\/elinformanteperu.com\/index.php\/2021\/01\/17\/apra-debe-reinscribirse-con-los-jovenes-afirma-nidia-vilchez\/","title":{"rendered":"Apra debe reinscribirse con los j\u00f3venes, afirma Nidia V\u00edlchez"},"content":{"rendered":"<p><span style=\"color: #000000;\"><strong>Lima, 16 Enero 2021, (ANDINA).-<\/strong> El Partido Aprista Peruano debe lograr su inscripci\u00f3n en el a\u00f1o del Bicentenario de la Independencia con los j\u00f3venes y buscar su solidez con una propuesta pa\u00eds, afirm\u00f3 la ex candidata presidencial por esta agrupaci\u00f3n, Nidia V\u00edlchez.<\/span><\/p>\n<p><span style=\"color: #000000;\">Un d\u00eda despu\u00e9s del retiro de su candidatura por la comisi\u00f3n pol\u00edtica del partido, precis\u00f3 que antes de esta decisi\u00f3n ya el \u00abmayor da\u00f1o\u00bb se hab\u00eda producido el d\u00eda en que se inscribi\u00f3 solo la f\u00f3rmula presidencial y las listas congresales de tres circunscripciones electorales.<\/span><\/p>\n<p><span style=\"color: #000000;\">\u00abEl partido de (V\u00edctor Ra\u00fal) Haya de la Torre se debe inscribir en este Bicentenario con los j\u00f3venes y ser\u00e1n los j\u00f3venes los que conducir\u00e1n el Apra; as\u00ed como Haya de la Torre forj\u00f3 el Apra siendo universitario, as\u00ed debe ser el Apra del Bicentenario\u00bb, indic\u00f3 en RPP.<\/span><\/p>\n<p><span style=\"color: #000000;\">V\u00edlchez explic\u00f3 que de esta manera se podr\u00e1 mostrar al pa\u00eds un partido s\u00f3lido y conducido por una militancia compuesta por j\u00f3venes, por lo que hizo un llamado para que, en unidad, se realice este trabajo de reinscripci\u00f3n del partido y lograr consolidar una propuesta pa\u00eds.<\/span><\/p>\n<p><span style=\"color: #000000;\">Al retirar la candidatura presidencial, el Apra perder\u00e1 su inscripci\u00f3n en el Registro de Organizaciones Pol\u00edticas (ROP) del Jurado Nacional de Elecciones, seg\u00fan las reglas establecidas en la nueva normativa, y deber\u00e1 iniciar un nuevo proceso de inscripci\u00f3n.<\/span><\/p>\n<p><span style=\"color: #000000;\">En ese sentido, V\u00edlchez critic\u00f3 la labor del personero del partido aprista por tomar la decisi\u00f3n \u00abunilateral\u00bb de inscribir las listas parlamentarias a escala nacional y no hacerlo en cada una de las regiones, como era usual.<\/span><\/p>\n<p><span style=\"color: #000000;\">\u00abHoy esta decisi\u00f3n unilateral hace que nos quedemos sin participaci\u00f3n pol\u00edtica\u00bb, refiri\u00f3.<\/span><\/p>\n<p><span style=\"color: #000000;\">Agreg\u00f3 que se prepar\u00f3 para este proceso electoral para sustentar cada una de las propuesta del Apra y los militantes del pa\u00eds participaron con su voto en las elecciones internas, pero que \u00abel gran da\u00f1o se hizo internamente\u00bb.<\/span><\/p>\n","protected":false},"excerpt":{"rendered":"<p>Lima, 16 Enero 2021, (ANDINA).- El Partido Aprista Peruano debe lograr su inscripci\u00f3n en el a\u00f1o del Bicentenario de la Independencia con los j\u00f3venes y buscar su solidez con una propuesta pa\u00eds, afirm\u00f3 la ex candidata presidencial por esta agrupaci\u00f3n, Nidia V\u00edlchez. Un d\u00eda despu\u00e9s del retiro de su candidatura por la comisi\u00f3n pol\u00edtica del [&hellip;]<\/p>\n","protected":false},"author":1,"featured_media":58975,"comment_status":"open","ping_status":"open","sticky":false,"template":"","format":"standard","meta":{"rop_custom_images_group":[],"rop_custom_messages_group":[],"rop_publish_now":"initial","rop_publish_now_accounts":[],"rop_publish_now_history":[],"rop_publish_now_status":"pending","footnotes":""},"categories":[5],"tags":[555,6177],"class_list":["post-90844","post","type-post","status-publish","format-standard","has-post-thumbnail","hentry","category-actualidad-informativa","tag-apra","tag-nidia-vilchez"],"_links":{"self":[{"href":"https:\/\/elinformanteperu.com\/index.php\/wp-json\/wp\/v2\/posts\/90844","targetHints":{"allow":["GET"]}}],"collection":[{"href":"https:\/\/elinformanteperu.com\/index.php\/wp-json\/wp\/v2\/posts"}],"about":[{"href":"https:\/\/elinformanteperu.com\/index.php\/wp-json\/wp\/v2\/types\/post"}],"author":[{"embeddable":true,"href":"https:\/\/elinformanteperu.com\/index.php\/wp-json\/wp\/v2\/users\/1"}],"replies":[{"embeddable":true,"href":"https:\/\/elinformanteperu.com\/index.php\/wp-json\/wp\/v2\/comments?post=90844"}],"version-history":[{"count":1,"href":"https:\/\/elinformanteperu.com\/index.php\/wp-json\/wp\/v2\/posts\/90844\/revisions"}],"predecessor-version":[{"id":90845,"href":"https:\/\/elinformanteperu.com\/index.php\/wp-json\/wp\/v2\/posts\/90844\/revisions\/90845"}],"wp:featuredmedia":[{"embeddable":true,"href":"https:\/\/elinformanteperu.com\/index.php\/wp-json\/wp\/v2\/media\/58975"}],"wp:attachment":[{"href":"https:\/\/elinformanteperu.com\/index.php\/wp-json\/wp\/v2\/media?parent=90844"}],"wp:term":[{"taxonomy":"category","embeddable":true,"href":"https:\/\/elinformanteperu.com\/index.php\/wp-json\/wp\/v2\/categories?post=90844"},{"taxonomy":"post_tag","embeddable":true,"href":"https:\/\/elinformanteperu.com\/index.php\/wp-json\/wp\/v2\/tags?post=90844"}],"curies":[{"name":"wp","href":"https:\/\/api.w.org\/{rel}","templated":true}]}}