{"id":90829,"date":"2021-01-17T12:10:34","date_gmt":"2021-01-17T17:10:34","guid":{"rendered":"https:\/\/elinformanteperu.com\/?p=90829"},"modified":"2021-01-17T14:20:24","modified_gmt":"2021-01-17T19:20:24","slug":"aniversario-de-lima-ciudadanos-disfrutaran-serenata-virtual-desde-las-19-00-horas","status":"publish","type":"post","link":"https:\/\/elinformanteperu.com\/index.php\/2021\/01\/17\/aniversario-de-lima-ciudadanos-disfrutaran-serenata-virtual-desde-las-19-00-horas\/","title":{"rendered":"Aniversario de Lima: ciudadanos disfrutar\u00e1n serenata virtual desde las 19.00 horas"},"content":{"rendered":"<p><strong><span style=\"color: #000000;\">Reconocidos artistas podr\u00e1n ser vistos a trav\u00e9s del Facebook de la Municipalidad de Lima<\/span><\/strong><\/p>\n<p><span style=\"color: #000000;\"><strong>Lima, 17 Enero 2021, (ANDINA).-<\/strong> En v\u00edspera de celebrarse los 486 a\u00f1os de la fundaci\u00f3n de Lima, hoy, a las 19.00 horas se iniciar\u00e1 una gran serenata virtual que incluir\u00e1 la presencia de reconocidos artistas peruanos, inform\u00f3 el alcalde capitalino, Jorge Mu\u00f1oz.<\/span><\/p>\n<p><span style=\"color: #000000;\">\u201cDesde las 7 de la noche se realizar\u00e1 la serenata virtual por el aniversario de la fundaci\u00f3n de Lima. Se har\u00e1 de una manera distinta, sin los bailes y m\u00fasica que siempre hab\u00eda en la plaza Mayor de Lima. Buscamos que, en esta circunstancia tan compleja por la pandemia, el ciudadano siga sinti\u00e9ndose orgullosa de ser lime\u00f1o\u201d, manifest\u00f3 Mu\u00f1oz.<\/span><\/p>\n<p><span style=\"color: #000000;\">A trav\u00e9s del Facebook de la Municipalidad de Lima, los vecinos de la capital y de todo el Per\u00fa podr\u00e1n ver los shows musicales de artistas como Bartola, William Luna, Dilbert Aguilar, Laurita Pacheco, Daniela Darcourt, Janice, Olaya Sound System, entre otros.<\/span><\/p>\n<p><span style=\"color: #000000;\">Adem\u00e1s, se presentar\u00e1 el videoclip de un arreglo musical del himno nacional interpretado por seis de los artistas que participar\u00e1n en la serenata.<\/span><\/p>\n<p><span style=\"color: #000000;\">El evento, que forma parte de la programaci\u00f3n denominada \u201cMuchas culturas, una Lima\u201d, incluir\u00e1 como antesala, desde las 5 p.m., la transmisi\u00f3n del I Festival de Danzas Folcl\u00f3ricas, en el que participar\u00e1n ocho agrupaciones y colectivos folcl\u00f3ricos finalistas.<\/span><\/p>\n<p><span style=\"color: #000000;\">Dado que este 2021 se conmemoran los 200 a\u00f1os de la independencia de nuestro pa\u00eds, la serenata a Lima girar\u00e1 alrededor de tres ejes fundamentales: participaci\u00f3n ciudadana, diversidad cultural e inclusi\u00f3n social, los cuales permitir\u00e1n aportar a la construcci\u00f3n de una identidad y fortalecer la diversidad cultural por una mejor ciudad para todos y todas.<\/span><\/p>\n<p><span style=\"color: #000000;\">Cabe resaltar que, a fin de evitar aglomeraciones y contagios de covid-19, la serenata solo ser\u00e1 transmitida a trav\u00e9s de las redes sociales de la ciudad, y ya no en pantallas gigantes de puntos perif\u00e9ricos de la ciudad.<\/span><\/p>\n<blockquote class=\"twitter-tweet\">\n<p dir=\"ltr\" lang=\"es\">\ud83d\udd51 \ud83d\udc49 \u00a1Atenci\u00f3n! Conoce los horarios de los servicios de transporte urbano en Lima y Callao a partir de ma\u00f1ana, 15 de enero.<br \/>\n\ud83d\ude4b Recuerda usar mascarilla y protector facial durante tu viaje. <a href=\"https:\/\/t.co\/WuKrPtweGC\">pic.twitter.com\/WuKrPtweGC<\/a><\/p>\n<p>\u2014 Autoridad de Transporte Urbano (@ATU_GobPeru) <a href=\"https:\/\/twitter.com\/ATU_GobPeru\/status\/1349850959124582400?ref_src=twsrc%5Etfw\">January 14, 2021<\/a><\/p><\/blockquote>\n<p><script async src=\"https:\/\/platform.twitter.com\/widgets.js\" charset=\"utf-8\"><\/script><\/p>\n","protected":false},"excerpt":{"rendered":"<p>Reconocidos artistas podr\u00e1n ser vistos a trav\u00e9s del Facebook de la Municipalidad de Lima Lima, 17 Enero 2021, (ANDINA).- En v\u00edspera de celebrarse los 486 a\u00f1os de la fundaci\u00f3n de Lima, hoy, a las 19.00 horas se iniciar\u00e1 una gran serenata virtual que incluir\u00e1 la presencia de reconocidos artistas peruanos, inform\u00f3 el alcalde capitalino, Jorge [&hellip;]<\/p>\n","protected":false},"author":1,"featured_media":90830,"comment_status":"open","ping_status":"open","sticky":false,"template":"","format":"standard","meta":{"rop_custom_images_group":[],"rop_custom_messages_group":[],"rop_publish_now":"initial","rop_publish_now_accounts":[],"rop_publish_now_history":[],"rop_publish_now_status":"pending","footnotes":""},"categories":[10],"tags":[1613],"class_list":["post-90829","post","type-post","status-publish","format-standard","has-post-thumbnail","hentry","category-actualidad-municipal","tag-lima"],"_links":{"self":[{"href":"https:\/\/elinformanteperu.com\/index.php\/wp-json\/wp\/v2\/posts\/90829","targetHints":{"allow":["GET"]}}],"collection":[{"href":"https:\/\/elinformanteperu.com\/index.php\/wp-json\/wp\/v2\/posts"}],"about":[{"href":"https:\/\/elinformanteperu.com\/index.php\/wp-json\/wp\/v2\/types\/post"}],"author":[{"embeddable":true,"href":"https:\/\/elinformanteperu.com\/index.php\/wp-json\/wp\/v2\/users\/1"}],"replies":[{"embeddable":true,"href":"https:\/\/elinformanteperu.com\/index.php\/wp-json\/wp\/v2\/comments?post=90829"}],"version-history":[{"count":1,"href":"https:\/\/elinformanteperu.com\/index.php\/wp-json\/wp\/v2\/posts\/90829\/revisions"}],"predecessor-version":[{"id":90831,"href":"https:\/\/elinformanteperu.com\/index.php\/wp-json\/wp\/v2\/posts\/90829\/revisions\/90831"}],"wp:featuredmedia":[{"embeddable":true,"href":"https:\/\/elinformanteperu.com\/index.php\/wp-json\/wp\/v2\/media\/90830"}],"wp:attachment":[{"href":"https:\/\/elinformanteperu.com\/index.php\/wp-json\/wp\/v2\/media?parent=90829"}],"wp:term":[{"taxonomy":"category","embeddable":true,"href":"https:\/\/elinformanteperu.com\/index.php\/wp-json\/wp\/v2\/categories?post=90829"},{"taxonomy":"post_tag","embeddable":true,"href":"https:\/\/elinformanteperu.com\/index.php\/wp-json\/wp\/v2\/tags?post=90829"}],"curies":[{"name":"wp","href":"https:\/\/api.w.org\/{rel}","templated":true}]}}