{"id":90826,"date":"2021-01-17T12:07:42","date_gmt":"2021-01-17T17:07:42","guid":{"rendered":"https:\/\/elinformanteperu.com\/?p=90826"},"modified":"2021-01-17T12:09:00","modified_gmt":"2021-01-17T17:09:00","slug":"toque-de-queda-conoce-los-nuevos-horarios-del-transporte-publico-en-lima-y-callao","status":"publish","type":"post","link":"https:\/\/elinformanteperu.com\/index.php\/2021\/01\/17\/toque-de-queda-conoce-los-nuevos-horarios-del-transporte-publico-en-lima-y-callao\/","title":{"rendered":"Toque de queda: conoce los nuevos horarios del transporte p\u00fablico en Lima y Callao"},"content":{"rendered":"<p><strong><span style=\"color: #000000;\">Las estaciones y terminales del Metropolitano abrir\u00e1n a las 5:00 a.m. y se cerrar\u00e1n a las 9:00 p.m.<\/span><\/strong><\/p>\n<p><span style=\"color: #000000;\"><strong>Lima, 17 Enero 2021, (ANDINA).-<\/strong> Los servicios de transporte p\u00fablico en Lima y Callao tienen nuevos horarios en cumplimiento del toque de queda dispuesto por el Gobierno Central para contener el avance del covid-19.<\/span><\/p>\n<p><span style=\"color: #000000;\">En un comunicado a los usuarios, la Autoridad de Transporte Urbano para Lima y Callao (ATU) precis\u00f3 que el servicio de transporte regular en Lima y Callao se brindar\u00e1 de lunes a domingo de 4:00 de la ma\u00f1ana a 9:00 de la noche.<\/span><\/p>\n<p><span style=\"color: #000000;\">Entre tanto, el servicio de taxi y transporte de trabajadores se brindar\u00e1 durante las 24 horas; sin embargo, de 9:00 p.m. a 4:00 a.m. \u201cdichos servicios s\u00f3lo podr\u00e1n realizarse para trasladar a los usuarios que acrediten prestar servicios esenciales y en caso de justificada necesidad\u201d.<\/span><\/p>\n<p><span style=\"color: #000000;\">La ATU aclar\u00f3 que esos casos de justificada necesidad son \u201casistencia a establecimientos de salud, centros de diagn\u00f3stico en casos de emergencia, y traslados al aeropuerto\u201d.<\/span><\/p>\n<p><strong><span style=\"color: #000000;\">Metro de Lima y Corredores<\/span><\/strong><\/p>\n<p><span style=\"color: #000000;\">Respecto al tren el\u00e9ctrico, detall\u00f3 que la L\u00ednea 1 del Metro de Lima y Callao funcionar\u00e1 de lunes a s\u00e1bado de 5:00 a.m. a 9:00 p.m.; y los domingos, de 5:30 a.m. a 9:00 p.m.<\/span><\/p>\n<p><span style=\"color: #000000;\">La ATU inform\u00f3 tambi\u00e9n que los Corredores Complementarios atender\u00e1n de 5:00 a.m. a 9:00 p.m.<\/span><\/p>\n<p><strong><span style=\"color: #000000;\">Metropolitano<\/span><\/strong><\/p>\n<p><span style=\"color: #000000;\">El comunicado explica, asimismo, que El Metropolitano brindar\u00e1 el servicio de la siguiente manera:<\/span><\/p>\n<p><span style=\"color: #000000;\">&#8211; Las estaciones y terminales abrir\u00e1n a las 5:00 a.m. y se cerrar\u00e1n a las 9:00 p.m.<\/span><\/p>\n<p><span style=\"color: #000000;\">&#8211; Las rutas troncales brindar\u00e1n servicio de 5:15 a.m. a 9:00 p.m.<\/span><\/p>\n<p><span style=\"color: #000000;\">&#8211; Las rutas alimentadoras brindar\u00e1n servicio de 5:15 a. m. a 10:00 p.m.<\/span><\/p>\n<p><span style=\"color: #000000;\">\u201cCabe resaltar que, en el sistema troncal, el \u00faltimo bus saldr\u00e1 de los terminales Matellini y Naranjal a las 9:00 p.m.; y en el caso de las rutas alimentadoras, el \u00faltimo bus saldr\u00e1 a las 10:00 p.m.\u201d, detall\u00f3 la entidad.<\/span><\/p>\n<p><strong><span style=\"color: #000000;\">No bajemos la guardia<\/span><\/strong><\/p>\n<p><span style=\"color: #000000;\">\u201cLa ATU exhorta a los usuarios a no bajar la guardia, salir de casa s\u00f3lo si es estrictamente necesario y seguir las recomendaciones sanitarias para prevenir el contagio del covid-19\u201d, enfatiz\u00f3.<\/span><\/p>\n<p><span style=\"color: #000000;\">Por \u00faltimo, record\u00f3 que en el transporte p\u00fablico es obligatorio el uso de la mascarilla y el protector facial y el respeto del aforo.<\/span><\/p>\n","protected":false},"excerpt":{"rendered":"<p>Las estaciones y terminales del Metropolitano abrir\u00e1n a las 5:00 a.m. y se cerrar\u00e1n a las 9:00 p.m. Lima, 17 Enero 2021, (ANDINA).- Los servicios de transporte p\u00fablico en Lima y Callao tienen nuevos horarios en cumplimiento del toque de queda dispuesto por el Gobierno Central para contener el avance del covid-19. En un comunicado [&hellip;]<\/p>\n","protected":false},"author":1,"featured_media":90827,"comment_status":"open","ping_status":"open","sticky":false,"template":"","format":"standard","meta":{"rop_custom_images_group":[],"rop_custom_messages_group":[],"rop_publish_now":"initial","rop_publish_now_accounts":[],"rop_publish_now_history":[],"rop_publish_now_status":"pending","footnotes":""},"categories":[10],"tags":[5422,4559,6322,825,5374],"class_list":["post-90826","post","type-post","status-publish","format-standard","has-post-thumbnail","hentry","category-actualidad-municipal","tag-atu","tag-autoridad-de-transporte-urbano","tag-covid-segunda-ola","tag-metropolitano","tag-peru-estado-de-emergencia"],"_links":{"self":[{"href":"https:\/\/elinformanteperu.com\/index.php\/wp-json\/wp\/v2\/posts\/90826","targetHints":{"allow":["GET"]}}],"collection":[{"href":"https:\/\/elinformanteperu.com\/index.php\/wp-json\/wp\/v2\/posts"}],"about":[{"href":"https:\/\/elinformanteperu.com\/index.php\/wp-json\/wp\/v2\/types\/post"}],"author":[{"embeddable":true,"href":"https:\/\/elinformanteperu.com\/index.php\/wp-json\/wp\/v2\/users\/1"}],"replies":[{"embeddable":true,"href":"https:\/\/elinformanteperu.com\/index.php\/wp-json\/wp\/v2\/comments?post=90826"}],"version-history":[{"count":1,"href":"https:\/\/elinformanteperu.com\/index.php\/wp-json\/wp\/v2\/posts\/90826\/revisions"}],"predecessor-version":[{"id":90828,"href":"https:\/\/elinformanteperu.com\/index.php\/wp-json\/wp\/v2\/posts\/90826\/revisions\/90828"}],"wp:featuredmedia":[{"embeddable":true,"href":"https:\/\/elinformanteperu.com\/index.php\/wp-json\/wp\/v2\/media\/90827"}],"wp:attachment":[{"href":"https:\/\/elinformanteperu.com\/index.php\/wp-json\/wp\/v2\/media?parent=90826"}],"wp:term":[{"taxonomy":"category","embeddable":true,"href":"https:\/\/elinformanteperu.com\/index.php\/wp-json\/wp\/v2\/categories?post=90826"},{"taxonomy":"post_tag","embeddable":true,"href":"https:\/\/elinformanteperu.com\/index.php\/wp-json\/wp\/v2\/tags?post=90826"}],"curies":[{"name":"wp","href":"https:\/\/api.w.org\/{rel}","templated":true}]}}