{"id":90821,"date":"2021-01-17T11:47:19","date_gmt":"2021-01-17T16:47:19","guid":{"rendered":"https:\/\/elinformanteperu.com\/?p=90821"},"modified":"2021-01-17T11:47:19","modified_gmt":"2021-01-17T16:47:19","slug":"ministra-de-vivienda-mantendra-coordinacion-estrecha-con-gobierno-regional-de-piura","status":"publish","type":"post","link":"https:\/\/elinformanteperu.com\/index.php\/2021\/01\/17\/ministra-de-vivienda-mantendra-coordinacion-estrecha-con-gobierno-regional-de-piura\/","title":{"rendered":"Ministra de Vivienda mantendr\u00e1 coordinaci\u00f3n estrecha con Gobierno Regional de Piura"},"content":{"rendered":"<p><strong><span style=\"color: #000000;\">En su calidad de encargada del Ejecutivo para esa regi\u00f3n, Solangel Fern\u00e1ndez se reuni\u00f3 con Servando Garc\u00eda para abordar temas de lucha contra la pandemia y proyectos del sector.<\/span><\/strong><\/p>\n<p><span style=\"color: #000000;\"><strong>Lima, 17 Enero 2021, (El Informante Per\u00fa).-<\/strong> La ministra de Vivienda, Construcci\u00f3n y Saneamiento, Solangel Fern\u00e1ndez Huanqui, sostuvo una reuni\u00f3n virtual con el Gobernador Regional de Piura, Servando Garc\u00eda Correa, en su calidad de coordinadora del Poder Ejecutivo en dicha regi\u00f3n.<\/span><\/p>\n<p><span style=\"color: #000000;\">Tras conocer el estado de la regi\u00f3n en cuanto a la pandemia, la ministra se comprometi\u00f3 a gestionar ante el Ministerio de Salud y EsSalud el apoyo solicitado a dichas entidades para la lucha contra la pandemia en la regi\u00f3n.<\/span><\/p>\n<p><span style=\"color: #000000;\">Asimismo, la ministra ofreci\u00f3 la posibilidad de instalar m\u00f3dulos temporales de vivienda en hospitales, que sirvan como sala de espera y albergue para los familiares que hoy pernoctan afuera de los establecimientos de salud, para lo cual el Gobierno Regional deber\u00e1 definir y establecer las necesidades.<\/span><\/p>\n<p><span style=\"color: #000000;\">La ministra estuvo acompa\u00f1ada de la viceministra de Vivienda y Urbanismo, Elizabeth A\u00f1a\u00f1os, y del viceministro de Construcci\u00f3n y Saneamiento, Javier Hern\u00e1ndez.<\/span><\/p>\n<p><strong><span style=\"color: #000000;\">Obras y proyectos<\/span><\/strong><\/p>\n<p><span style=\"color: #000000;\">Fern\u00e1ndez inform\u00f3 que todos los d\u00edas se monitorea la situaci\u00f3n del saldo de obra del proyecto \u201cUna sola fuerza\u201d, que estuvo paralizado por la pandemia y para cuya conclusi\u00f3n se ha transferido S\/ 800 mil al Ministerio de Defensa.<\/span><\/p>\n<p><span style=\"color: #000000;\">Adem\u00e1s, contin\u00faan las coordinaciones para el financiamiento del saldo de obra del proyecto de agua y alcantarillado para el distrito de Las Lomas, en Piura, que est\u00e1 a la espera de la presentaci\u00f3n del expediente t\u00e9cnico por parte del Gobierno Regional.<\/span><\/p>\n<p><span style=\"color: #000000;\">De igual modo, se evalu\u00f3 el estado de los proyectos de ampliaci\u00f3n de los servicios de agua para 96 asentamientos humanos de los distritos de Veintis\u00e9is de Octubre, Castilla y Piura; as\u00ed como la ampliaci\u00f3n de la planta de tratamiento de agua potable (PTAP) Curumuy; y los proyectos de agua potable para los caser\u00edos del distrito de Tambogrande, para los cu\u00e1les el MVCS ofreci\u00f3 asistencia t\u00e9cnica.<\/span><\/p>\n<p><span style=\"color: #000000;\">La siguiente reuni\u00f3n est\u00e1 programada para el pr\u00f3ximo viernes 22, donde se continuar\u00e1 coordinando y gestionando la ejecuci\u00f3n de estos proyectos.<\/span><\/p>\n","protected":false},"excerpt":{"rendered":"<p>En su calidad de encargada del Ejecutivo para esa regi\u00f3n, Solangel Fern\u00e1ndez se reuni\u00f3 con Servando Garc\u00eda para abordar temas de lucha contra la pandemia y proyectos del sector. Lima, 17 Enero 2021, (El Informante Per\u00fa).- La ministra de Vivienda, Construcci\u00f3n y Saneamiento, Solangel Fern\u00e1ndez Huanqui, sostuvo una reuni\u00f3n virtual con el Gobernador Regional de [&hellip;]<\/p>\n","protected":false},"author":1,"featured_media":90736,"comment_status":"open","ping_status":"open","sticky":false,"template":"","format":"standard","meta":{"rop_custom_images_group":[],"rop_custom_messages_group":[],"rop_publish_now":"initial","rop_publish_now_accounts":[],"rop_publish_now_history":[],"rop_publish_now_status":"pending","footnotes":""},"categories":[10],"tags":[1408,1557,1010,6228],"class_list":["post-90821","post","type-post","status-publish","format-standard","has-post-thumbnail","hentry","category-actualidad-municipal","tag-gobierno-regional-de-piura","tag-ministerio-de-vivienda","tag-piura","tag-solangel-fernandez"],"_links":{"self":[{"href":"https:\/\/elinformanteperu.com\/index.php\/wp-json\/wp\/v2\/posts\/90821","targetHints":{"allow":["GET"]}}],"collection":[{"href":"https:\/\/elinformanteperu.com\/index.php\/wp-json\/wp\/v2\/posts"}],"about":[{"href":"https:\/\/elinformanteperu.com\/index.php\/wp-json\/wp\/v2\/types\/post"}],"author":[{"embeddable":true,"href":"https:\/\/elinformanteperu.com\/index.php\/wp-json\/wp\/v2\/users\/1"}],"replies":[{"embeddable":true,"href":"https:\/\/elinformanteperu.com\/index.php\/wp-json\/wp\/v2\/comments?post=90821"}],"version-history":[{"count":1,"href":"https:\/\/elinformanteperu.com\/index.php\/wp-json\/wp\/v2\/posts\/90821\/revisions"}],"predecessor-version":[{"id":90822,"href":"https:\/\/elinformanteperu.com\/index.php\/wp-json\/wp\/v2\/posts\/90821\/revisions\/90822"}],"wp:featuredmedia":[{"embeddable":true,"href":"https:\/\/elinformanteperu.com\/index.php\/wp-json\/wp\/v2\/media\/90736"}],"wp:attachment":[{"href":"https:\/\/elinformanteperu.com\/index.php\/wp-json\/wp\/v2\/media?parent=90821"}],"wp:term":[{"taxonomy":"category","embeddable":true,"href":"https:\/\/elinformanteperu.com\/index.php\/wp-json\/wp\/v2\/categories?post=90821"},{"taxonomy":"post_tag","embeddable":true,"href":"https:\/\/elinformanteperu.com\/index.php\/wp-json\/wp\/v2\/tags?post=90821"}],"curies":[{"name":"wp","href":"https:\/\/api.w.org\/{rel}","templated":true}]}}