{"id":90818,"date":"2021-01-17T11:43:36","date_gmt":"2021-01-17T16:43:36","guid":{"rendered":"https:\/\/elinformanteperu.com\/?p=90818"},"modified":"2021-01-17T11:43:36","modified_gmt":"2021-01-17T16:43:36","slug":"hoy-rige-la-inmovilizacion-social-obligatoria-en-ancash-ica-piura-y-tacna","status":"publish","type":"post","link":"https:\/\/elinformanteperu.com\/index.php\/2021\/01\/17\/hoy-rige-la-inmovilizacion-social-obligatoria-en-ancash-ica-piura-y-tacna\/","title":{"rendered":"Hoy rige la inmovilizaci\u00f3n social obligatoria en \u00c1ncash, Ica, Piura y Tacna"},"content":{"rendered":"<p><strong><span style=\"color: #000000;\">Medida, que incluye a Lambayeque, Jun\u00edn y Lima provincias, proh\u00edbe tambi\u00e9n el tr\u00e1nsito de veh\u00edculos particulares<\/span><\/strong><\/p>\n<p><span style=\"color: #000000;\"><strong>Lima, 17 Enero 2021, (ANDINA).-<\/strong> La inmovilizaci\u00f3n social obligatoria y vehicular particular rige hoy en las regiones de \u00c1ncash, Ica, Lima provincias, Jun\u00edn, Lambayeque, Piura y Tacna, que presentan un nivel muy alto de infecciones, como parte de un conjunto de medidas adoptadas por el Gobierno para contener y reducir la propagaci\u00f3n del covid-19 en esta segunda ola de contagios.<\/span><\/p>\n<p><span style=\"color: #000000;\">La restricci\u00f3n del tr\u00e1nsito peatonal y vehicular particular busca evitar un masivo desplazamiento de personas y evitar las reuniones familiares y sociales que favorecen el incremento de infecciones.<\/span><\/p>\n<p><strong><span style=\"color: #000000;\">Excepciones<\/span><\/strong><\/p>\n<p><span style=\"color: #000000;\">Se except\u00faa de la inmovilizaci\u00f3n al personal estrictamente necesario que participa en la prestaci\u00f3n de los servicios de abastecimiento de alimentos, salud, medicinas (farmacias, droguer\u00edas y boticas), servicios financieros, servicio de restaurante para entrega a domicilio o \u201cdelivery\u201d.<\/span><\/p>\n<p><span style=\"color: #000000;\">Asimismo, para los trabajadores que cuyo desempe\u00f1o garantiza la continuidad de los servicios de agua, saneamiento, energ\u00eda el\u00e9ctrica, gas y otros combustibles.<\/span><\/p>\n<p><span style=\"color: #000000;\">Tambi\u00e9n, quienes trabajan en telecomunicaciones y labores conexas, en la limpieza y recojo de residuos s\u00f3lidos, servicios funerarios, transporte de carga y mercanc\u00edas y actividades conexas, actividades relacionadas con la reanudaci\u00f3n de ocupaciones econ\u00f3micas, transporte de caudales (seg\u00fan lo estipulado por el Ministerio de Transportes y Comunicaciones).<\/span><\/p>\n<p><span style=\"color: #000000;\">Se permite, igualmente, el desplazamiento de aquellas personas que requieren de una atenci\u00f3n m\u00e9dica urgente o de emergencia por encontrarse en grave riesgo su vida o salud y para la adquisici\u00f3n de medicamentos.<\/span><\/p>\n<p><span style=\"color: #000000;\">Las ciudadanas y los ciudadanos que trabajen en actividades esenciales deber\u00e1n tramitar un nuevo pase vehicular y laboral para poder movilizarse. El pase laboral de trabajadoras y trabajadores de rubros esenciales y el pase vehicular se encuentran disponibles en el siguiente <a href=\"https:\/\/paselaboral.servicios.gob.pe\/paselaboral\/request_new\"><strong>enlace<\/strong><\/a>, a la que podr\u00e1n acceder quienes deban trasladarse en veh\u00edculos particulares.<\/span><\/p>\n<p><span style=\"color: #000000;\">El personal de prensa escrita, radial o televisiva puede transitar durante el per\u00edodo de inmovilizaci\u00f3n social obligatoria, siempre que porte su pase personal laboral, su credencial period\u00edstica respectiva y su DNI para fines de identificaci\u00f3n. La autorizaci\u00f3n tambi\u00e9n es extensiva para las unidades m\u00f3viles que los transporten para el cumplimiento de su funci\u00f3n.<\/span><\/p>\n<p><strong><span style=\"color: #000000;\">Restricci\u00f3n vehicular particular<\/span><\/strong><\/p>\n<p><span style=\"color: #000000;\">El Gobierno dispuso que solo habr\u00e1 restricci\u00f3n del tr\u00e1nsito vehicular particular en Arequipa, Apur\u00edmac, Cajamarca, Callao, Cusco, Hu\u00e1nuco, La Libertad, Lima Metropolitana, Madre de Dios, Moquegua, Pasco, Puno y Tumbes, comprendidas en el grupo de regiones con nivel de alerta alto de contagio.<\/span><\/p>\n","protected":false},"excerpt":{"rendered":"<p>Medida, que incluye a Lambayeque, Jun\u00edn y Lima provincias, proh\u00edbe tambi\u00e9n el tr\u00e1nsito de veh\u00edculos particulares Lima, 17 Enero 2021, (ANDINA).- La inmovilizaci\u00f3n social obligatoria y vehicular particular rige hoy en las regiones de \u00c1ncash, Ica, Lima provincias, Jun\u00edn, Lambayeque, Piura y Tacna, que presentan un nivel muy alto de infecciones, como parte de un [&hellip;]<\/p>\n","protected":false},"author":1,"featured_media":90819,"comment_status":"open","ping_status":"open","sticky":false,"template":"","format":"standard","meta":{"rop_custom_images_group":[],"rop_custom_messages_group":[],"rop_publish_now":"initial","rop_publish_now_accounts":[],"rop_publish_now_history":[],"rop_publish_now_status":"pending","footnotes":""},"categories":[10],"tags":[],"class_list":["post-90818","post","type-post","status-publish","format-standard","has-post-thumbnail","hentry","category-actualidad-municipal"],"_links":{"self":[{"href":"https:\/\/elinformanteperu.com\/index.php\/wp-json\/wp\/v2\/posts\/90818","targetHints":{"allow":["GET"]}}],"collection":[{"href":"https:\/\/elinformanteperu.com\/index.php\/wp-json\/wp\/v2\/posts"}],"about":[{"href":"https:\/\/elinformanteperu.com\/index.php\/wp-json\/wp\/v2\/types\/post"}],"author":[{"embeddable":true,"href":"https:\/\/elinformanteperu.com\/index.php\/wp-json\/wp\/v2\/users\/1"}],"replies":[{"embeddable":true,"href":"https:\/\/elinformanteperu.com\/index.php\/wp-json\/wp\/v2\/comments?post=90818"}],"version-history":[{"count":1,"href":"https:\/\/elinformanteperu.com\/index.php\/wp-json\/wp\/v2\/posts\/90818\/revisions"}],"predecessor-version":[{"id":90820,"href":"https:\/\/elinformanteperu.com\/index.php\/wp-json\/wp\/v2\/posts\/90818\/revisions\/90820"}],"wp:featuredmedia":[{"embeddable":true,"href":"https:\/\/elinformanteperu.com\/index.php\/wp-json\/wp\/v2\/media\/90819"}],"wp:attachment":[{"href":"https:\/\/elinformanteperu.com\/index.php\/wp-json\/wp\/v2\/media?parent=90818"}],"wp:term":[{"taxonomy":"category","embeddable":true,"href":"https:\/\/elinformanteperu.com\/index.php\/wp-json\/wp\/v2\/categories?post=90818"},{"taxonomy":"post_tag","embeddable":true,"href":"https:\/\/elinformanteperu.com\/index.php\/wp-json\/wp\/v2\/tags?post=90818"}],"curies":[{"name":"wp","href":"https:\/\/api.w.org\/{rel}","templated":true}]}}