{"id":90815,"date":"2021-01-17T11:28:20","date_gmt":"2021-01-17T16:28:20","guid":{"rendered":"https:\/\/elinformanteperu.com\/?p=90815"},"modified":"2021-01-17T11:28:20","modified_gmt":"2021-01-17T16:28:20","slug":"minsa-2778-nuevos-casos-de-covid-19-en-las-ultimas-24-horas","status":"publish","type":"post","link":"https:\/\/elinformanteperu.com\/index.php\/2021\/01\/17\/minsa-2778-nuevos-casos-de-covid-19-en-las-ultimas-24-horas\/","title":{"rendered":"Minsa: 2,778 nuevos casos de covid-19 en las \u00faltimas 24 horas"},"content":{"rendered":"<p><strong><span style=\"color: #000000;\">Sector Salud indica que 980,000 personas se recuperaron del covid-19 desde el inicio de la emergencia<\/span><\/strong><\/p>\n<p><span style=\"color: #000000;\"><strong>Lima, 16 Enero 2021, (ANDINA).-<\/strong> El Ministerio de Salud (Minsa) inform\u00f3 que se registraron 2,788 nuevos casos de covid-19 en las \u00faltimas 24 horas, la cifra diaria m\u00e1s alta en varios meses, acumulando un total de 1 mill\u00f3n 60,567 positivos desde el inicio de la emergencia sanitaria en el Per\u00fa.<\/span><\/p>\n<p><span style=\"color: #000000;\">De acuerdo con el reporte del Minsa, actualizado hasta las 22:00 horas del 15 de enero del 2021, se registraron los resultados de 28,612 personas muestreadas, de los cuales 2,778 fueron casos sintom\u00e1ticos confirmados de las \u00faltimas 24 horas.<\/span><\/p>\n<p><span style=\"color: #000000;\">El sector Salud indic\u00f3 que se tienen 8,182 pacientes hospitalizados por covid-19, entre ellos 1,639 internados en unidades de cuidados intensivos con ventilaci\u00f3n mec\u00e1nica.<\/span><\/p>\n<p><span style=\"color: #000000;\">Se registraron parcialmente, adem\u00e1s, los resultados de 4,544 casos confirmados por covid-19 de los siete d\u00edas anteriores.<\/span><\/p>\n<p><span style=\"color: #000000;\">El Minsa se\u00f1al\u00f3 que se han procesado muestras (moleculares y serol\u00f3gicas) para 5 millones 844,283 personas por el covid-19, de las cuales 1 mill\u00f3n 60,567 dieron positivo.<\/span><\/p>\n<p><span style=\"color: #000000;\">Asimismo, 980,000 personas en Per\u00fa cumplieron su periodo de aislamiento domiciliario o fueron dadas de alta de un establecimiento de salud, luego de vencer al covid-19, desde el inicio de la pandemia.<\/span><\/p>\n<p><span style=\"color: #000000;\">El covid-19 ha causado el fallecimiento de 38,770 ciudadanos desde el inicio de la pandemia en Per\u00fa, en la segunda quincena de marzo.<\/span><\/p>\n<p><span style=\"color: #000000;\">El Minsa analiza los sistemas de registro con el fin de actualizar la informaci\u00f3n.<\/span><\/p>\n<p><strong><span style=\"color: #000000;\">Enemigo invisible y letal<\/span><\/strong><\/p>\n<p><span style=\"color: #000000;\">Los coronavirus son una gran familia de virus que causan enfermedades que van desde el resfriado com\u00fan hasta enfermedades m\u00e1s graves como el s\u00edndrome respiratorio de Oriente Medio (MERS) o el s\u00edndrome respiratorio agudo severo (SRAS). Pueden transmitirse entre animales y personas.<\/span><\/p>\n<p><span style=\"color: #000000;\">El nuevo coronavirus (covid-19) es una cepa no identificada previamente en humanos, que se propaga de persona a persona, mediante gotitas o part\u00edculas acuosas que se quedan en el ambiente al toser o estornudar. Tambi\u00e9n podr\u00edas contagiarte si mantienes contacto f\u00edsico con una persona infectada.<\/span><\/p>\n<p><span style=\"color: #000000;\">Para evitar el contagio, mant\u00e9n un metro de distancia con los dem\u00e1s, usa correctamente la mascarilla y el escudo facial en el transporte p\u00fablico, l\u00e1vate las manos frecuentemente, con agua y jab\u00f3n, m\u00ednimo 20 segundos, entre otras medidas.<\/span><\/p>\n","protected":false},"excerpt":{"rendered":"<p>Sector Salud indica que 980,000 personas se recuperaron del covid-19 desde el inicio de la emergencia Lima, 16 Enero 2021, (ANDINA).- El Ministerio de Salud (Minsa) inform\u00f3 que se registraron 2,788 nuevos casos de covid-19 en las \u00faltimas 24 horas, la cifra diaria m\u00e1s alta en varios meses, acumulando un total de 1 mill\u00f3n 60,567 [&hellip;]<\/p>\n","protected":false},"author":1,"featured_media":90816,"comment_status":"open","ping_status":"open","sticky":false,"template":"","format":"standard","meta":{"rop_custom_images_group":[],"rop_custom_messages_group":[],"rop_publish_now":"initial","rop_publish_now_accounts":[],"rop_publish_now_history":[],"rop_publish_now_status":"pending","footnotes":""},"categories":[10],"tags":[5236,6322,5364,388,431],"class_list":["post-90815","post","type-post","status-publish","format-standard","has-post-thumbnail","hentry","category-actualidad-municipal","tag-coronavirus","tag-covid-segunda-ola","tag-covid-19","tag-ministerio-de-salud","tag-minsa"],"_links":{"self":[{"href":"https:\/\/elinformanteperu.com\/index.php\/wp-json\/wp\/v2\/posts\/90815","targetHints":{"allow":["GET"]}}],"collection":[{"href":"https:\/\/elinformanteperu.com\/index.php\/wp-json\/wp\/v2\/posts"}],"about":[{"href":"https:\/\/elinformanteperu.com\/index.php\/wp-json\/wp\/v2\/types\/post"}],"author":[{"embeddable":true,"href":"https:\/\/elinformanteperu.com\/index.php\/wp-json\/wp\/v2\/users\/1"}],"replies":[{"embeddable":true,"href":"https:\/\/elinformanteperu.com\/index.php\/wp-json\/wp\/v2\/comments?post=90815"}],"version-history":[{"count":1,"href":"https:\/\/elinformanteperu.com\/index.php\/wp-json\/wp\/v2\/posts\/90815\/revisions"}],"predecessor-version":[{"id":90817,"href":"https:\/\/elinformanteperu.com\/index.php\/wp-json\/wp\/v2\/posts\/90815\/revisions\/90817"}],"wp:featuredmedia":[{"embeddable":true,"href":"https:\/\/elinformanteperu.com\/index.php\/wp-json\/wp\/v2\/media\/90816"}],"wp:attachment":[{"href":"https:\/\/elinformanteperu.com\/index.php\/wp-json\/wp\/v2\/media?parent=90815"}],"wp:term":[{"taxonomy":"category","embeddable":true,"href":"https:\/\/elinformanteperu.com\/index.php\/wp-json\/wp\/v2\/categories?post=90815"},{"taxonomy":"post_tag","embeddable":true,"href":"https:\/\/elinformanteperu.com\/index.php\/wp-json\/wp\/v2\/tags?post=90815"}],"curies":[{"name":"wp","href":"https:\/\/api.w.org\/{rel}","templated":true}]}}