{"id":90807,"date":"2021-01-17T10:23:34","date_gmt":"2021-01-17T15:23:34","guid":{"rendered":"https:\/\/elinformanteperu.com\/?p=90807"},"modified":"2021-01-17T10:23:34","modified_gmt":"2021-01-17T15:23:34","slug":"segunda-ola-fumigan-penal-de-varones-tacna-como-medida-preventiva","status":"publish","type":"post","link":"https:\/\/elinformanteperu.com\/index.php\/2021\/01\/17\/segunda-ola-fumigan-penal-de-varones-tacna-como-medida-preventiva\/","title":{"rendered":"Segunda ola: fumigan penal de varones Tacna como medida preventiva"},"content":{"rendered":"<p><strong><span style=\"color: #000000;\">Se realiza de manera responsable y peri\u00f3dica en todas las instalaciones del reclusorio<\/span><\/strong><\/p>\n<p><span style=\"color: #000000;\"><strong>Tacna, 16 Enero 2021, (ANDINA).-<\/strong> La direcci\u00f3n y el \u00e1rea de salud del establecimiento penitenciario de varones de la regi\u00f3n Tacna redoblan acciones de prevenci\u00f3n ante la segunda ola de contagio del covid-19, dirigido tanto para el personal del Instituto Nacional Penitenciario (Inpe) como a la poblaci\u00f3n penal.<\/span><\/p>\n<p><span style=\"color: #000000;\">Las jornadas de limpieza y desinfecci\u00f3n a base de amonio cuaternario se llevan a cabo de manera responsable y peri\u00f3dica en todas las instalaciones del penal.<\/span><\/p>\n<p><span style=\"color: #000000;\">Esta actividad se suma a los protocolos biosanitarios que realiza el personal desde su ingreso, teniendo en cuenta que es de suma importancia la prevenci\u00f3n para evitar la propagaci\u00f3n del virus.<\/span><\/p>\n<p><span style=\"color: #000000;\">Por otro lado, el Inpe refuerza, por medio del correo institucional, las medidas preventivas que debe adoptar todo servidor en la protecci\u00f3n sanitaria personal, laboral y familiar, recomendando el uso correcto de mascarilla, mantener el distanciamiento f\u00edsico, as\u00ed como el lavado de manos correcta y frecuentemente.<\/span><\/p>\n<p><span style=\"color: #000000;\">El penal de varones Tacna alberga a 852 internos y est\u00e1 dirigido por el abogado Miguel Bedregal Tolentino.<\/span><\/p>\n<p>&nbsp;<\/p>\n","protected":false},"excerpt":{"rendered":"<p>Se realiza de manera responsable y peri\u00f3dica en todas las instalaciones del reclusorio Tacna, 16 Enero 2021, (ANDINA).- La direcci\u00f3n y el \u00e1rea de salud del establecimiento penitenciario de varones de la regi\u00f3n Tacna redoblan acciones de prevenci\u00f3n ante la segunda ola de contagio del covid-19, dirigido tanto para el personal del Instituto Nacional Penitenciario [&hellip;]<\/p>\n","protected":false},"author":1,"featured_media":90808,"comment_status":"open","ping_status":"open","sticky":false,"template":"","format":"standard","meta":{"rop_custom_images_group":[],"rop_custom_messages_group":[],"rop_publish_now":"initial","rop_publish_now_accounts":[],"rop_publish_now_history":[],"rop_publish_now_status":"pending","footnotes":""},"categories":[10],"tags":[1012,3992],"class_list":["post-90807","post","type-post","status-publish","format-standard","has-post-thumbnail","hentry","category-actualidad-municipal","tag-inpe","tag-tacna"],"_links":{"self":[{"href":"https:\/\/elinformanteperu.com\/index.php\/wp-json\/wp\/v2\/posts\/90807","targetHints":{"allow":["GET"]}}],"collection":[{"href":"https:\/\/elinformanteperu.com\/index.php\/wp-json\/wp\/v2\/posts"}],"about":[{"href":"https:\/\/elinformanteperu.com\/index.php\/wp-json\/wp\/v2\/types\/post"}],"author":[{"embeddable":true,"href":"https:\/\/elinformanteperu.com\/index.php\/wp-json\/wp\/v2\/users\/1"}],"replies":[{"embeddable":true,"href":"https:\/\/elinformanteperu.com\/index.php\/wp-json\/wp\/v2\/comments?post=90807"}],"version-history":[{"count":1,"href":"https:\/\/elinformanteperu.com\/index.php\/wp-json\/wp\/v2\/posts\/90807\/revisions"}],"predecessor-version":[{"id":90809,"href":"https:\/\/elinformanteperu.com\/index.php\/wp-json\/wp\/v2\/posts\/90807\/revisions\/90809"}],"wp:featuredmedia":[{"embeddable":true,"href":"https:\/\/elinformanteperu.com\/index.php\/wp-json\/wp\/v2\/media\/90808"}],"wp:attachment":[{"href":"https:\/\/elinformanteperu.com\/index.php\/wp-json\/wp\/v2\/media?parent=90807"}],"wp:term":[{"taxonomy":"category","embeddable":true,"href":"https:\/\/elinformanteperu.com\/index.php\/wp-json\/wp\/v2\/categories?post=90807"},{"taxonomy":"post_tag","embeddable":true,"href":"https:\/\/elinformanteperu.com\/index.php\/wp-json\/wp\/v2\/tags?post=90807"}],"curies":[{"name":"wp","href":"https:\/\/api.w.org\/{rel}","templated":true}]}}