{"id":90008,"date":"2021-01-06T00:49:21","date_gmt":"2021-01-06T05:49:21","guid":{"rendered":"https:\/\/elinformanteperu.com\/?p=90008"},"modified":"2021-01-06T00:49:21","modified_gmt":"2021-01-06T05:49:21","slug":"elecciones-2021-lopez-aliaga-ofrece-fondo-de-innovacion-para-jovenes","status":"publish","type":"post","link":"https:\/\/elinformanteperu.com\/index.php\/2021\/01\/06\/elecciones-2021-lopez-aliaga-ofrece-fondo-de-innovacion-para-jovenes\/","title":{"rendered":"Elecciones 2021: L\u00f3pez Aliaga ofrece fondo de innovaci\u00f3n para j\u00f3venes"},"content":{"rendered":"<p><span style=\"color: #000000;\"><strong>Lima, 05 Enero 2021, (ANDINA).-<\/strong> El candidato a la presidencia por Renovaci\u00f3n Popular, Rafael L\u00f3pez Aliaga, ofreci\u00f3 crear un fondo de innovaci\u00f3n para las peque\u00f1os y micro empresas lideradas por j\u00f3venes emprendedores que no cuentan con apoyo del Estado.<\/span><\/p>\n<p><span style=\"color: #000000;\">\u201cEste es un modelo que se aplica en pa\u00edses desarrollados, vamos a implementarlo en nuestro gobierno que se caracterizar\u00e1 por priorizar la atenci\u00f3n y el desarrollo de nuestra juventud peruana\u201d, apunt\u00f3.<\/span><\/p>\n<p><span style=\"color: #000000;\">Tambi\u00e9n indic\u00f3 que desde el Ejecutivo impulsar\u00e1 e implementar\u00e1 programas y cr\u00e9ditos para promover el emprendimiento profesional y empresarial para este segmento de la poblaci\u00f3n.<\/span><\/p>\n<p><span style=\"color: #000000;\">Asegur\u00f3 que el Per\u00fa es el pa\u00eds con m\u00e1s emprendimiento juvenil en Latinoam\u00e9rica, caracter\u00edstica que se consolidar\u00e1 con fondos de financiamiento a tasas de inter\u00e9s bajas.<\/span><\/p>\n<p><span style=\"color: #000000;\">Durante un encuentro con j\u00f3venes y l\u00edderes partidarios de Renovaci\u00f3n Popular, L\u00f3pez Aliaga ratific\u00f3 su compromiso de impulsar programas gratuitos de capacitaci\u00f3n educativa y empresarial destinados a j\u00f3venes de escasos recursos.<\/span><\/p>\n<p><span style=\"color: #000000;\">La candidatura de Rafael L\u00f3pez Aliaga es una de las cincos f\u00f3rmulas presidenciales que culmin\u00f3 su proceso de inscripci\u00f3n y se encuentra habilitada para participar en las elecciones del pr\u00f3ximo 11 de abril.<\/span><\/p>\n","protected":false},"excerpt":{"rendered":"<p>Lima, 05 Enero 2021, (ANDINA).- El candidato a la presidencia por Renovaci\u00f3n Popular, Rafael L\u00f3pez Aliaga, ofreci\u00f3 crear un fondo de innovaci\u00f3n para las peque\u00f1os y micro empresas lideradas por j\u00f3venes emprendedores que no cuentan con apoyo del Estado. \u201cEste es un modelo que se aplica en pa\u00edses desarrollados, vamos a implementarlo en nuestro gobierno [&hellip;]<\/p>\n","protected":false},"author":1,"featured_media":90009,"comment_status":"open","ping_status":"open","sticky":false,"template":"","format":"standard","meta":{"rop_custom_images_group":[],"rop_custom_messages_group":[],"rop_publish_now":"initial","rop_publish_now_accounts":[],"rop_publish_now_history":[],"rop_publish_now_status":"pending","footnotes":""},"categories":[5],"tags":[5461,6154,6155],"class_list":["post-90008","post","type-post","status-publish","format-standard","has-post-thumbnail","hentry","category-actualidad-informativa","tag-elecciones-2021","tag-rafael-lopez-aliaga","tag-renovacion-popular"],"_links":{"self":[{"href":"https:\/\/elinformanteperu.com\/index.php\/wp-json\/wp\/v2\/posts\/90008","targetHints":{"allow":["GET"]}}],"collection":[{"href":"https:\/\/elinformanteperu.com\/index.php\/wp-json\/wp\/v2\/posts"}],"about":[{"href":"https:\/\/elinformanteperu.com\/index.php\/wp-json\/wp\/v2\/types\/post"}],"author":[{"embeddable":true,"href":"https:\/\/elinformanteperu.com\/index.php\/wp-json\/wp\/v2\/users\/1"}],"replies":[{"embeddable":true,"href":"https:\/\/elinformanteperu.com\/index.php\/wp-json\/wp\/v2\/comments?post=90008"}],"version-history":[{"count":1,"href":"https:\/\/elinformanteperu.com\/index.php\/wp-json\/wp\/v2\/posts\/90008\/revisions"}],"predecessor-version":[{"id":90010,"href":"https:\/\/elinformanteperu.com\/index.php\/wp-json\/wp\/v2\/posts\/90008\/revisions\/90010"}],"wp:featuredmedia":[{"embeddable":true,"href":"https:\/\/elinformanteperu.com\/index.php\/wp-json\/wp\/v2\/media\/90009"}],"wp:attachment":[{"href":"https:\/\/elinformanteperu.com\/index.php\/wp-json\/wp\/v2\/media?parent=90008"}],"wp:term":[{"taxonomy":"category","embeddable":true,"href":"https:\/\/elinformanteperu.com\/index.php\/wp-json\/wp\/v2\/categories?post=90008"},{"taxonomy":"post_tag","embeddable":true,"href":"https:\/\/elinformanteperu.com\/index.php\/wp-json\/wp\/v2\/tags?post=90008"}],"curies":[{"name":"wp","href":"https:\/\/api.w.org\/{rel}","templated":true}]}}