{"id":89944,"date":"2021-01-05T19:40:40","date_gmt":"2021-01-06T00:40:40","guid":{"rendered":"https:\/\/elinformanteperu.com\/?p=89944"},"modified":"2021-01-05T19:40:40","modified_gmt":"2021-01-06T00:40:40","slug":"postergan-la-gala-de-los-grammys-del-31-de-enero-por-la-pandemia-de-covid-19","status":"publish","type":"post","link":"https:\/\/elinformanteperu.com\/index.php\/2021\/01\/05\/postergan-la-gala-de-los-grammys-del-31-de-enero-por-la-pandemia-de-covid-19\/","title":{"rendered":"Postergan la gala de los Grammys del 31 de enero por la pandemia de covid-19"},"content":{"rendered":"<p><span style=\"color: #000000;\"><strong>Lima, 05 Enero 2021, (ANDINA).-<\/strong> La ceremonia de los Grammy, los premios de la industria discogr\u00e1fica estadounidense, que estaba programada para el 31 de enero en Los \u00c1ngeles fue postergada debido a la pandemia de coronavirus, informaron el martes varios medios locales.<\/span><\/p>\n<p><span style=\"color: #000000;\">Seg\u00fan el portal de internet de la revista especializada Rolling Stone, que cita fuentes an\u00f3nimas, los organizadores ahora est\u00e1n considerando realizar la edici\u00f3n 63 del evento en marzo pr\u00f3ximo.<\/span><\/p>\n<p><span style=\"color: #000000;\">Consultada por la AFP, la Academia de Grabaci\u00f3n no respondi\u00f3 de inmediato.<\/span><\/p>\n<p><span style=\"color: #000000;\">EL estado de California (oeste) ha experimentado una expansi\u00f3n de la pandemia desde principios de noviembre. Actualmente, registra decenas de miles de nuevos casos de coronavirus todos los d\u00edas (31.170 el lunes).<\/span><\/p>\n<p><span style=\"color: #000000;\">La tasa de casos positivos se elev\u00f3 al 13,6% (en siete d\u00edas consecutivos) y el estado m\u00e1s poblado de Estados Unidos registr\u00f3, el 31 de diciembre, un r\u00e9cord de 585 muertes.<\/span><\/p>\n<p><strong><span style=\"color: #000000;\">Plan de cobertura<\/span><\/strong><\/p>\n<p><span style=\"color: #000000;\">Los organizadores de los Grammy ya hab\u00edan planeado una ceremonia en un formato adecuado a la pandemia, sin p\u00fablico y solo con los presentadores y artistas invitados a actuar durante la retransmisi\u00f3n nacional en la cadena televisiva CBS.<\/span><\/p>\n<p><span style=\"color: #000000;\">Beyonce, Dua Lipa, Taylor Swift y el rapero Roddy Rich son los principales nominados a una premiaci\u00f3n a la que normalmente asist\u00edan decenas de estrellas.<\/span><\/p>\n<p><span style=\"color: #000000;\">Est\u00e1 previsto que el comediante Trevor Noah presente la gala de 2021.<\/span><\/p>\n<p><span style=\"color: #000000;\">Las nominaciones fueron anunciadas en noviembre por celebridades de todo el mundo a trav\u00e9s de una instancia transmitida por videochat.<\/span><\/p>\n<p><span style=\"color: #000000;\">Otras ceremonias de premiaci\u00f3n de la industria del entretenimiento, como los Emmy y los Grammy Latinos, se han visto obligadas a realizarse parcial o totalmente de forma virtual debido a las restricciones vigentes sobre las aglomeraciones de personas en medio de la pandemia.<\/span><\/p>\n<p><img fetchpriority=\"high\" decoding=\"async\" class=\"aligncenter size-full wp-image-63739\" src=\"https:\/\/elinformanteperu.com\/wp-content\/uploads\/2020\/01\/grammy-2020.jpg\" alt=\"\" width=\"1800\" height=\"1201\" srcset=\"https:\/\/elinformanteperu.com\/wp-content\/uploads\/2020\/01\/grammy-2020.jpg 1800w, https:\/\/elinformanteperu.com\/wp-content\/uploads\/2020\/01\/grammy-2020-300x200.jpg 300w, https:\/\/elinformanteperu.com\/wp-content\/uploads\/2020\/01\/grammy-2020-1024x683.jpg 1024w, https:\/\/elinformanteperu.com\/wp-content\/uploads\/2020\/01\/grammy-2020-768x512.jpg 768w, https:\/\/elinformanteperu.com\/wp-content\/uploads\/2020\/01\/grammy-2020-1536x1025.jpg 1536w, https:\/\/elinformanteperu.com\/wp-content\/uploads\/2020\/01\/grammy-2020-128x85.jpg 128w, https:\/\/elinformanteperu.com\/wp-content\/uploads\/2020\/01\/grammy-2020-32x21.jpg 32w\" sizes=\"(max-width: 1800px) 100vw, 1800px\" \/><\/p>\n","protected":false},"excerpt":{"rendered":"<p>Lima, 05 Enero 2021, (ANDINA).- La ceremonia de los Grammy, los premios de la industria discogr\u00e1fica estadounidense, que estaba programada para el 31 de enero en Los \u00c1ngeles fue postergada debido a la pandemia de coronavirus, informaron el martes varios medios locales. Seg\u00fan el portal de internet de la revista especializada Rolling Stone, que cita [&hellip;]<\/p>\n","protected":false},"author":1,"featured_media":89945,"comment_status":"open","ping_status":"open","sticky":false,"template":"","format":"standard","meta":{"rop_custom_images_group":[],"rop_custom_messages_group":[],"rop_publish_now":"initial","rop_publish_now_accounts":[],"rop_publish_now_history":[],"rop_publish_now_status":"pending","footnotes":""},"categories":[69],"tags":[5245,6239],"class_list":["post-89944","post","type-post","status-publish","format-standard","has-post-thumbnail","hentry","category-musica","tag-grammy-2020","tag-grammy-2021"],"_links":{"self":[{"href":"https:\/\/elinformanteperu.com\/index.php\/wp-json\/wp\/v2\/posts\/89944","targetHints":{"allow":["GET"]}}],"collection":[{"href":"https:\/\/elinformanteperu.com\/index.php\/wp-json\/wp\/v2\/posts"}],"about":[{"href":"https:\/\/elinformanteperu.com\/index.php\/wp-json\/wp\/v2\/types\/post"}],"author":[{"embeddable":true,"href":"https:\/\/elinformanteperu.com\/index.php\/wp-json\/wp\/v2\/users\/1"}],"replies":[{"embeddable":true,"href":"https:\/\/elinformanteperu.com\/index.php\/wp-json\/wp\/v2\/comments?post=89944"}],"version-history":[{"count":1,"href":"https:\/\/elinformanteperu.com\/index.php\/wp-json\/wp\/v2\/posts\/89944\/revisions"}],"predecessor-version":[{"id":89946,"href":"https:\/\/elinformanteperu.com\/index.php\/wp-json\/wp\/v2\/posts\/89944\/revisions\/89946"}],"wp:featuredmedia":[{"embeddable":true,"href":"https:\/\/elinformanteperu.com\/index.php\/wp-json\/wp\/v2\/media\/89945"}],"wp:attachment":[{"href":"https:\/\/elinformanteperu.com\/index.php\/wp-json\/wp\/v2\/media?parent=89944"}],"wp:term":[{"taxonomy":"category","embeddable":true,"href":"https:\/\/elinformanteperu.com\/index.php\/wp-json\/wp\/v2\/categories?post=89944"},{"taxonomy":"post_tag","embeddable":true,"href":"https:\/\/elinformanteperu.com\/index.php\/wp-json\/wp\/v2\/tags?post=89944"}],"curies":[{"name":"wp","href":"https:\/\/api.w.org\/{rel}","templated":true}]}}