{"id":89938,"date":"2021-01-05T01:07:10","date_gmt":"2021-01-05T06:07:10","guid":{"rendered":"https:\/\/elinformanteperu.com\/?p=89938"},"modified":"2021-01-05T01:07:10","modified_gmt":"2021-01-05T06:07:10","slug":"presidente-sagasti-escucho-propuestas-del-colegio-medico-contra-la-pandemia","status":"publish","type":"post","link":"https:\/\/elinformanteperu.com\/index.php\/2021\/01\/05\/presidente-sagasti-escucho-propuestas-del-colegio-medico-contra-la-pandemia\/","title":{"rendered":"Presidente Sagasti escuch\u00f3 propuestas del Colegio M\u00e9dico contra la pandemia"},"content":{"rendered":"<p><span style=\"color: #000000;\"><strong>Lima, 04 Enero 2021, (ANDINA).-<\/strong> El presidente de la Rep\u00fablica, Francisco Sagasti, se reuni\u00f3 con integrantes del Colegio M\u00e9dico del Per\u00fa, donde se resalt\u00f3 la voluntad del Gobierno por escuchar propuestas de lucha contra el covid-19 en el territorio nacional.<\/span><\/p>\n<p><span style=\"color: #000000;\">A trav\u00e9s del Twitter de la Presidencia del Consejo de Ministros, se inform\u00f3 que, en esta reuni\u00f3n convocada por la PCM, participaron tambi\u00e9n ministros de Estado.<\/span><\/p>\n<p><span style=\"color: #000000;\">En tal sentido, estuvieron la ministra de Salud, Pilar Mazzetti; el ministro de Econom\u00eda y Finanzas, Waldo Mendoza, la ministra de Desarrollo e Inclusi\u00f3n Social, Silvana Vargas; el ministro de Educaci\u00f3n, Ricardo Cuenca.<\/span><\/p>\n<p><span style=\"color: #000000;\">Tambi\u00e9n el ministro de la Producci\u00f3n, Jos\u00e9 Luis Chicoma, la ministra de Comercio Exterior y Turismo, Claudia Cornejo y la jefa del Gabinete de Asesores de la PCM.<\/span><\/p>\n","protected":false},"excerpt":{"rendered":"<p>Lima, 04 Enero 2021, (ANDINA).- El presidente de la Rep\u00fablica, Francisco Sagasti, se reuni\u00f3 con integrantes del Colegio M\u00e9dico del Per\u00fa, donde se resalt\u00f3 la voluntad del Gobierno por escuchar propuestas de lucha contra el covid-19 en el territorio nacional. A trav\u00e9s del Twitter de la Presidencia del Consejo de Ministros, se inform\u00f3 que, en [&hellip;]<\/p>\n","protected":false},"author":1,"featured_media":89939,"comment_status":"open","ping_status":"open","sticky":false,"template":"","format":"standard","meta":{"rop_custom_images_group":[],"rop_custom_messages_group":[],"rop_publish_now":"initial","rop_publish_now_accounts":[],"rop_publish_now_history":[],"rop_publish_now_status":"pending","footnotes":""},"categories":[5],"tags":[5263,5400],"class_list":["post-89938","post","type-post","status-publish","format-standard","has-post-thumbnail","hentry","category-actualidad-informativa","tag-francisco-sagasti","tag-pilar-mazzetti"],"_links":{"self":[{"href":"https:\/\/elinformanteperu.com\/index.php\/wp-json\/wp\/v2\/posts\/89938","targetHints":{"allow":["GET"]}}],"collection":[{"href":"https:\/\/elinformanteperu.com\/index.php\/wp-json\/wp\/v2\/posts"}],"about":[{"href":"https:\/\/elinformanteperu.com\/index.php\/wp-json\/wp\/v2\/types\/post"}],"author":[{"embeddable":true,"href":"https:\/\/elinformanteperu.com\/index.php\/wp-json\/wp\/v2\/users\/1"}],"replies":[{"embeddable":true,"href":"https:\/\/elinformanteperu.com\/index.php\/wp-json\/wp\/v2\/comments?post=89938"}],"version-history":[{"count":1,"href":"https:\/\/elinformanteperu.com\/index.php\/wp-json\/wp\/v2\/posts\/89938\/revisions"}],"predecessor-version":[{"id":89940,"href":"https:\/\/elinformanteperu.com\/index.php\/wp-json\/wp\/v2\/posts\/89938\/revisions\/89940"}],"wp:featuredmedia":[{"embeddable":true,"href":"https:\/\/elinformanteperu.com\/index.php\/wp-json\/wp\/v2\/media\/89939"}],"wp:attachment":[{"href":"https:\/\/elinformanteperu.com\/index.php\/wp-json\/wp\/v2\/media?parent=89938"}],"wp:term":[{"taxonomy":"category","embeddable":true,"href":"https:\/\/elinformanteperu.com\/index.php\/wp-json\/wp\/v2\/categories?post=89938"},{"taxonomy":"post_tag","embeddable":true,"href":"https:\/\/elinformanteperu.com\/index.php\/wp-json\/wp\/v2\/tags?post=89938"}],"curies":[{"name":"wp","href":"https:\/\/api.w.org\/{rel}","templated":true}]}}