{"id":8961,"date":"2017-04-28T00:01:03","date_gmt":"2017-04-28T05:01:03","guid":{"rendered":"http:\/\/elinformanteperu.com\/?p=8961"},"modified":"2017-04-28T00:01:03","modified_gmt":"2017-04-28T05:01:03","slug":"museo-londinense-acoge-exposicion-dedicada-a-pink-floyd","status":"publish","type":"post","link":"https:\/\/elinformanteperu.com\/index.php\/2017\/04\/28\/museo-londinense-acoge-exposicion-dedicada-a-pink-floyd\/","title":{"rendered":"Museo londinense acoge exposici\u00f3n dedicada a Pink Floyd"},"content":{"rendered":"<p><strong><span style=\"color: #000000;\">El Museo Victoria y Alberto de esta capital acoger\u00e1 desde el 13 de mayo y hasta el 1 de octubre una exposici\u00f3n dedicada a la reconocida banda brit\u00e1nica Pink Floyd.<\/span><\/strong><\/p>\n<p><span style=\"color: #000000;\"><strong>Londres, 27 Abril 2017, (PL).-<\/strong> El Museo Victoria y Alberto de esta capital acoger\u00e1 desde el 13 de mayo y hasta el 1 de octubre una exposici\u00f3n dedicada a la reconocida banda brit\u00e1nica Pink Floyd, destacan hoy medios locales.<\/span><\/p>\n<p><span style=\"color: #000000;\">La muestra incluye 350 fotos, piezas audiovisuales, instrumentos, proyectos escenogr\u00e1ficos, letras manuscritas, carteles promocionales y otros objetos de la agrupaci\u00f3n, considerada una de las m\u00e1s influyentes del siglo XX.<\/span><\/p>\n<p><span style=\"color: #000000;\">Realizada con la colaboraci\u00f3n de los miembros del grupo Roger Waters, David Gilmour y Nick Mason, la exposici\u00f3n lleva por t\u00edtulo Pink Floyd: sus restos mortales y se espera supere el mill\u00f3n y medio de visitas registradas durante un homenaje a David Bowie en esa instituci\u00f3n.<\/span><\/p>\n<p><span style=\"color: #000000;\">Seg\u00fan los organizadores, la iniciativa pretende mostrar, mediante la conjunci\u00f3n de varios formatos, una retrospectiva de la banda y sus aportes al rock y a la m\u00fasica en general.<\/span><\/p>\n<p><span style=\"color: #000000;\">Adem\u00e1s, coincide con la celebraci\u00f3n del aniversario 50 del lanzamiento de su primer \u00e1lbum, The Piper At The Gates Of Dawn, lanzado en 1967.<\/span><\/p>\n<p><iframe src=\"https:\/\/www.youtube-nocookie.com\/embed\/HUUdwuMkg_Q?rel=0&amp;controls=0&amp;showinfo=0\" width=\"560\" height=\"315\" frameborder=\"0\" allowfullscreen=\"allowfullscreen\"><\/iframe><\/p>\n","protected":false},"excerpt":{"rendered":"<p>El Museo Victoria y Alberto de esta capital acoger\u00e1 desde el 13 de mayo y hasta el 1 de octubre una exposici\u00f3n dedicada a la reconocida banda brit\u00e1nica Pink Floyd. Londres, 27 Abril 2017, (PL).- El Museo Victoria y Alberto de esta capital acoger\u00e1 desde el 13 de mayo y hasta el 1 de octubre [&hellip;]<\/p>\n","protected":false},"author":1,"featured_media":8962,"comment_status":"open","ping_status":"open","sticky":false,"template":"","format":"standard","meta":{"rop_custom_images_group":[],"rop_custom_messages_group":[],"rop_publish_now":"initial","rop_publish_now_accounts":[],"rop_publish_now_history":[],"rop_publish_now_status":"pending","footnotes":""},"categories":[69],"tags":[1444],"class_list":["post-8961","post","type-post","status-publish","format-standard","has-post-thumbnail","hentry","category-musica","tag-pink-floyd"],"_links":{"self":[{"href":"https:\/\/elinformanteperu.com\/index.php\/wp-json\/wp\/v2\/posts\/8961","targetHints":{"allow":["GET"]}}],"collection":[{"href":"https:\/\/elinformanteperu.com\/index.php\/wp-json\/wp\/v2\/posts"}],"about":[{"href":"https:\/\/elinformanteperu.com\/index.php\/wp-json\/wp\/v2\/types\/post"}],"author":[{"embeddable":true,"href":"https:\/\/elinformanteperu.com\/index.php\/wp-json\/wp\/v2\/users\/1"}],"replies":[{"embeddable":true,"href":"https:\/\/elinformanteperu.com\/index.php\/wp-json\/wp\/v2\/comments?post=8961"}],"version-history":[{"count":1,"href":"https:\/\/elinformanteperu.com\/index.php\/wp-json\/wp\/v2\/posts\/8961\/revisions"}],"predecessor-version":[{"id":8963,"href":"https:\/\/elinformanteperu.com\/index.php\/wp-json\/wp\/v2\/posts\/8961\/revisions\/8963"}],"wp:featuredmedia":[{"embeddable":true,"href":"https:\/\/elinformanteperu.com\/index.php\/wp-json\/wp\/v2\/media\/8962"}],"wp:attachment":[{"href":"https:\/\/elinformanteperu.com\/index.php\/wp-json\/wp\/v2\/media?parent=8961"}],"wp:term":[{"taxonomy":"category","embeddable":true,"href":"https:\/\/elinformanteperu.com\/index.php\/wp-json\/wp\/v2\/categories?post=8961"},{"taxonomy":"post_tag","embeddable":true,"href":"https:\/\/elinformanteperu.com\/index.php\/wp-json\/wp\/v2\/tags?post=8961"}],"curies":[{"name":"wp","href":"https:\/\/api.w.org\/{rel}","templated":true}]}}