{"id":89547,"date":"2020-12-29T22:54:51","date_gmt":"2020-12-30T03:54:51","guid":{"rendered":"https:\/\/elinformanteperu.com\/?p=89547"},"modified":"2020-12-29T22:54:51","modified_gmt":"2020-12-30T03:54:51","slug":"bono-familiar-universal-podra-cobrarse-hasta-el-2021","status":"publish","type":"post","link":"https:\/\/elinformanteperu.com\/index.php\/2020\/12\/29\/bono-familiar-universal-podra-cobrarse-hasta-el-2021\/","title":{"rendered":"\u00a1Bono Familiar Universal podr\u00e1 cobrarse hasta el 2021!"},"content":{"rendered":"<p><strong><span style=\"color: #000000;\">Para consultas sobre el beneficio recuerde visitar el portal oficial bfu.gob.pe<\/span><\/strong><\/p>\n<p><span style=\"color: #000000;\"><strong>Lima, 29 Diciembre 2020, (ANDINA).-<\/strong> Una buena noticia. El Banco de la Naci\u00f3n indic\u00f3 que los beneficiarios del Bono Familiar Universal (BFU) que no pudieron cobrar el subsidio a la fecha, por motivos personales o de salud, podr\u00e1n cobrarlo en el 2021.<\/span><\/p>\n<p><span style=\"color: #000000;\">\u201cEl Bono Familiar Universal permanecer\u00e1 asignado al hogar beneficiario y podr\u00e1 cobrarse hasta sesenta d\u00edas despu\u00e9s de culminado el estado de emergencia\u201d, precis\u00f3 el Banco de la Naci\u00f3n. <\/span><\/p>\n<p><span style=\"color: #000000;\">El Banco de la Naci\u00f3n pone a disposici\u00f3n de los usuarios y clientes, los canales de consultas virtuales en las cuentas oficiales de Facebook, Instagram y Twitter, en los cuales sus asesores responden de lunes a viernes de 8:30 a.m. a 5 p.m. y los s\u00e1bados desde las 8:30 a.m. hasta la 1 p.m.<\/span><\/p>\n<p><span style=\"color: #000000;\">Para consultas sobre el Bono Familiar Universal (BFU) recuerde visitar el portal oficial bfu.gob.pe.<\/span><\/p>\n<p><span style=\"color: #000000;\">El Banco de la Naci\u00f3n recomienda respetar el distanciamiento social y cumplir con las normas sanitarias dispuestas por el Gobierno contra el covid-19.<\/span><\/p>\n<blockquote class=\"twitter-tweet\">\n<p dir=\"ltr\" lang=\"es\">Atenci\u00f3n beneficiarios del Bono Familiar Universal (BFU)<br \/>\nSi no cobraste tu bono en la fecha que te tocaba, podr\u00e1s hacerlo hasta 60 d\u00edas despu\u00e9s de culminado el estado de emergencia.<br \/>\nConoce las agencias y los horarios de atenci\u00f3n durante los d\u00edas festivos <a href=\"https:\/\/t.co\/I5ntiYE8R9\">https:\/\/t.co\/I5ntiYE8R9<\/a> <a href=\"https:\/\/t.co\/jqeSeharwB\">pic.twitter.com\/jqeSeharwB<\/a><\/p>\n<p>\u2014 Banco de la Naci\u00f3n Per\u00fa (@BancodelaNacion) <a href=\"https:\/\/twitter.com\/BancodelaNacion\/status\/1341947900386025477?ref_src=twsrc%5Etfw\">December 24, 2020<\/a><\/p><\/blockquote>\n<p><script async src=\"https:\/\/platform.twitter.com\/widgets.js\" charset=\"utf-8\"><\/script><\/p>\n","protected":false},"excerpt":{"rendered":"<p>Para consultas sobre el beneficio recuerde visitar el portal oficial bfu.gob.pe Lima, 29 Diciembre 2020, (ANDINA).- Una buena noticia. El Banco de la Naci\u00f3n indic\u00f3 que los beneficiarios del Bono Familiar Universal (BFU) que no pudieron cobrar el subsidio a la fecha, por motivos personales o de salud, podr\u00e1n cobrarlo en el 2021. \u201cEl Bono [&hellip;]<\/p>\n","protected":false},"author":1,"featured_media":83730,"comment_status":"open","ping_status":"open","sticky":false,"template":"","format":"standard","meta":{"rop_custom_images_group":[],"rop_custom_messages_group":[],"rop_publish_now":"initial","rop_publish_now_accounts":[],"rop_publish_now_history":[],"rop_publish_now_status":"pending","footnotes":""},"categories":[10],"tags":[810,6104],"class_list":["post-89547","post","type-post","status-publish","format-standard","has-post-thumbnail","hentry","category-actualidad-municipal","tag-bono","tag-bono-universal"],"_links":{"self":[{"href":"https:\/\/elinformanteperu.com\/index.php\/wp-json\/wp\/v2\/posts\/89547","targetHints":{"allow":["GET"]}}],"collection":[{"href":"https:\/\/elinformanteperu.com\/index.php\/wp-json\/wp\/v2\/posts"}],"about":[{"href":"https:\/\/elinformanteperu.com\/index.php\/wp-json\/wp\/v2\/types\/post"}],"author":[{"embeddable":true,"href":"https:\/\/elinformanteperu.com\/index.php\/wp-json\/wp\/v2\/users\/1"}],"replies":[{"embeddable":true,"href":"https:\/\/elinformanteperu.com\/index.php\/wp-json\/wp\/v2\/comments?post=89547"}],"version-history":[{"count":1,"href":"https:\/\/elinformanteperu.com\/index.php\/wp-json\/wp\/v2\/posts\/89547\/revisions"}],"predecessor-version":[{"id":89548,"href":"https:\/\/elinformanteperu.com\/index.php\/wp-json\/wp\/v2\/posts\/89547\/revisions\/89548"}],"wp:featuredmedia":[{"embeddable":true,"href":"https:\/\/elinformanteperu.com\/index.php\/wp-json\/wp\/v2\/media\/83730"}],"wp:attachment":[{"href":"https:\/\/elinformanteperu.com\/index.php\/wp-json\/wp\/v2\/media?parent=89547"}],"wp:term":[{"taxonomy":"category","embeddable":true,"href":"https:\/\/elinformanteperu.com\/index.php\/wp-json\/wp\/v2\/categories?post=89547"},{"taxonomy":"post_tag","embeddable":true,"href":"https:\/\/elinformanteperu.com\/index.php\/wp-json\/wp\/v2\/tags?post=89547"}],"curies":[{"name":"wp","href":"https:\/\/api.w.org\/{rel}","templated":true}]}}