{"id":8953,"date":"2017-04-27T23:52:14","date_gmt":"2017-04-28T04:52:14","guid":{"rendered":"http:\/\/elinformanteperu.com\/?p=8953"},"modified":"2017-04-27T23:54:48","modified_gmt":"2017-04-28T04:54:48","slug":"recuerdos-del-guitarrista-estadounidense-john-warren-geils-jr","status":"publish","type":"post","link":"https:\/\/elinformanteperu.com\/index.php\/2017\/04\/27\/recuerdos-del-guitarrista-estadounidense-john-warren-geils-jr\/","title":{"rendered":"Recuerdos del guitarrista estadounidense John Warren Geils Jr."},"content":{"rendered":"<p><span style=\"color: #000000;\"><strong>El guitarrista estadounidense John Warren Geils quien falleci\u00f3 recientemente por causas naturales, fue l\u00edder del grupo J. Geils Band.<\/strong><\/span><\/p>\n<p><span style=\"color: #000000;\"><strong>Lima, 27 Abril 2017, (El Informante Per\u00fa).-<\/strong> El guitarrista estadounidense John Warren Geils quien falleci\u00f3 recientemente, en su domicilio en el pueblo de Groton, del estado de Massachusetts, por causas naturales, fue l\u00edder del grupo J. Geils Band.<\/span><\/p>\n<p><span style=\"color: #000000;\">El m\u00fasico ten\u00eda 71 a\u00f1os de edad y una carrera musical desde de 1970, cuando la banda public\u00f3 su primer \u00e1lbum.<\/span><\/p>\n<p><span style=\"color: #000000;\">Sin embargo, el conjunto no alcanz\u00f3 la fama hasta una d\u00e9cada despu\u00e9s con el fonograma Freeze Frame, que permaneci\u00f3 cuatro semanas en el n\u00famero uno en las listas de los m\u00e1s vendidos.<\/span><\/p>\n<p><span style=\"color: #000000;\">De acuerdo con los registros hist\u00f3ricos, el disco permaneci\u00f3 en las listas de m\u00fasica unas 70 semanas y su tema m\u00e1s conocido, la canci\u00f3n Centrefold, alcanz\u00f3 el n\u00famero uno en 1981.<\/span><\/p>\n<p><span style=\"color: #000000;\">En la d\u00e9cada de 1980, formaciones como The Eagles, U2 y Billy Joel actuaron de teloneros en los conciertos de J. Geils Band, hasta que la agrupaci\u00f3n se disolvi\u00f3 en 1985.<\/span><\/p>\n<p><span style=\"color: #000000;\">Durante a\u00f1os, Geils cambi\u00f3 la guitarra por la restauraci\u00f3n de coches de carreras y en agosto de 2010 volvi\u00f3 a reunir el conjunto para tocar con Aerosmith en el Fenway Park de Boston, la ciudad donde ambas bandas se dieron a conocer.<\/span><\/p>\n<p><span style=\"color: #000000;\">Adem\u00e1s de ofrecer conciertos propios, J. Geils Band fue telonera de Bon Jovi en numerosas ciudades norteamericanas en 2013 y un a\u00f1o despu\u00e9s hizo lo mismo en la gira norteamericana de Bob Seger and The Silver Bullet Band.<\/span><\/p>\n<p><iframe src=\"https:\/\/www.youtube-nocookie.com\/embed\/BqDjMZKf-wg?rel=0&amp;controls=0&amp;showinfo=0\" width=\"560\" height=\"315\" frameborder=\"0\" allowfullscreen=\"allowfullscreen\"><\/iframe><\/p>\n","protected":false},"excerpt":{"rendered":"<p>El guitarrista estadounidense John Warren Geils quien falleci\u00f3 recientemente por causas naturales, fue l\u00edder del grupo J. Geils Band. Lima, 27 Abril 2017, (El Informante Per\u00fa).- El guitarrista estadounidense John Warren Geils quien falleci\u00f3 recientemente, en su domicilio en el pueblo de Groton, del estado de Massachusetts, por causas naturales, fue l\u00edder del grupo J. [&hellip;]<\/p>\n","protected":false},"author":1,"featured_media":8954,"comment_status":"open","ping_status":"open","sticky":false,"template":"","format":"standard","meta":{"rop_custom_images_group":[],"rop_custom_messages_group":[],"rop_publish_now":"initial","rop_publish_now_accounts":[],"rop_publish_now_history":[],"rop_publish_now_status":"pending","footnotes":""},"categories":[69],"tags":[1442,1441],"class_list":["post-8953","post","type-post","status-publish","format-standard","has-post-thumbnail","hentry","category-musica","tag-j-geils-band","tag-john-warren-geils"],"_links":{"self":[{"href":"https:\/\/elinformanteperu.com\/index.php\/wp-json\/wp\/v2\/posts\/8953","targetHints":{"allow":["GET"]}}],"collection":[{"href":"https:\/\/elinformanteperu.com\/index.php\/wp-json\/wp\/v2\/posts"}],"about":[{"href":"https:\/\/elinformanteperu.com\/index.php\/wp-json\/wp\/v2\/types\/post"}],"author":[{"embeddable":true,"href":"https:\/\/elinformanteperu.com\/index.php\/wp-json\/wp\/v2\/users\/1"}],"replies":[{"embeddable":true,"href":"https:\/\/elinformanteperu.com\/index.php\/wp-json\/wp\/v2\/comments?post=8953"}],"version-history":[{"count":2,"href":"https:\/\/elinformanteperu.com\/index.php\/wp-json\/wp\/v2\/posts\/8953\/revisions"}],"predecessor-version":[{"id":8956,"href":"https:\/\/elinformanteperu.com\/index.php\/wp-json\/wp\/v2\/posts\/8953\/revisions\/8956"}],"wp:featuredmedia":[{"embeddable":true,"href":"https:\/\/elinformanteperu.com\/index.php\/wp-json\/wp\/v2\/media\/8954"}],"wp:attachment":[{"href":"https:\/\/elinformanteperu.com\/index.php\/wp-json\/wp\/v2\/media?parent=8953"}],"wp:term":[{"taxonomy":"category","embeddable":true,"href":"https:\/\/elinformanteperu.com\/index.php\/wp-json\/wp\/v2\/categories?post=8953"},{"taxonomy":"post_tag","embeddable":true,"href":"https:\/\/elinformanteperu.com\/index.php\/wp-json\/wp\/v2\/tags?post=8953"}],"curies":[{"name":"wp","href":"https:\/\/api.w.org\/{rel}","templated":true}]}}