{"id":89426,"date":"2020-12-27T14:09:40","date_gmt":"2020-12-27T19:09:40","guid":{"rendered":"https:\/\/elinformanteperu.com\/?p=89426"},"modified":"2020-12-27T14:09:40","modified_gmt":"2020-12-27T19:09:40","slug":"sunat-flexibiliza-disposiciones-normativas-sobre-emision-electronica","status":"publish","type":"post","link":"https:\/\/elinformanteperu.com\/index.php\/2020\/12\/27\/sunat-flexibiliza-disposiciones-normativas-sobre-emision-electronica\/","title":{"rendered":"Sunat flexibiliza disposiciones normativas sobre emisi\u00f3n electr\u00f3nica"},"content":{"rendered":"<p><strong><span style=\"color: #000000;\">Ante efectos de pandemia del covid-19<\/span><\/strong><\/p>\n<p><span style=\"color: #000000;\"><strong>Lima, 27 Diciembre 2020, (ANDINA).-<\/strong> La Superintendencia Nacional de Aduanas y Administraci\u00f3n Tributaria (Sunat) flexibiliz\u00f3 hoy disposiciones en la normativa sobre emisi\u00f3n electr\u00f3nica, a trav\u00e9s de la Resoluci\u00f3n de Superintendencia 000221-2020\/Sunat, publicada en el diario El Peruano.<\/span><\/p>\n<p><span style=\"color: #000000;\">Se establece la postergaci\u00f3n de la fecha a partir de la cual se debe contar con la certificaci\u00f3n ISO\/IEC-27001 y se modifica el inciso i) del art\u00edculo 5 y el inciso c) del art\u00edculo 6 de la Resoluci\u00f3n de Superintendencia 199-2015\/Sunat.<\/span><\/p>\n<p><span style=\"color: #000000;\">As\u00ed se dispone que para obtener la inscripci\u00f3n en el Registro de Proveedores de Servicios Electr\u00f3nicos se debe contar con la certificaci\u00f3n ISO\/IEC-27001. Esta condici\u00f3n solo ser\u00e1 exigible para obtener la inscripci\u00f3n en el Registro a partir del 1 de julio del 2021.<\/span><\/p>\n<p><span style=\"color: #000000;\">Se determina que los sujetos inscritos en el Registro deben cumplir las siguientes obligaciones: si hubieran obtenido su inscripci\u00f3n en el Registro hasta el 30 de junio del 2021 deber\u00e1n contar, a partir del 1 de julio de 2021, con la certificaci\u00f3n ISO\/IEC-27001.<\/span><\/p>\n<p><span style=\"color: #000000;\">Se establece, adem\u00e1s, la postergaci\u00f3n de la fecha a partir de la cual debe utilizarse el SEE &#8211; OSE y\/o el SEE \u2013 SOL por los sujetos comprendidos en el art\u00edculo 2 de la Resoluci\u00f3n de Superintendencia 105-2020\/Sunat y se modifica el inciso b) del p\u00e1rrafo 2.1 del art\u00edculo 2 de la citada Resoluci\u00f3n de Superintendencia.<\/span><\/p>\n<p><span style=\"color: #000000;\">As\u00ed se dispone que est\u00e1n obligados a utilizar el SEE &#8211; OSE y\/o el SEE &#8211; SOL a partir del 1 de enero de 2022.<\/span><\/p>\n<p><span style=\"color: #000000;\">Tambi\u00e9n se pospone la designaci\u00f3n como emisores electr\u00f3nicos de determinados sujetos comprendidos en la Resoluci\u00f3n de Superintendencia 279-2019\/Sunat y se sustituye el cuadro en el p\u00e1rrafo 1.1 del art\u00edculo 1 de la mencionada Resoluci\u00f3n de Superintendencia: designaci\u00f3n de nuevos emisores electr\u00f3nicos seg\u00fan ingresos anuales obtenidos al 31 de diciembre del 2019.<\/span><\/p>\n<p><img fetchpriority=\"high\" decoding=\"async\" class=\"aligncenter size-full wp-image-89427\" src=\"https:\/\/elinformanteperu.com\/wp-content\/uploads\/2020\/12\/sunat-normas.png\" alt=\"\" width=\"670\" height=\"430\" srcset=\"https:\/\/elinformanteperu.com\/wp-content\/uploads\/2020\/12\/sunat-normas.png 670w, https:\/\/elinformanteperu.com\/wp-content\/uploads\/2020\/12\/sunat-normas-300x193.png 300w\" sizes=\"(max-width: 670px) 100vw, 670px\" \/><\/p>\n<p><span style=\"color: #000000;\">Se determina que los sujetos a que se refiere el p\u00e1rrafo 2.1 del art\u00edculo 2 de la Resoluci\u00f3n de Superintendencia 279- 2019\/Sunat que en el 2020 dejaron o dejen de figurar en el RUC como afectos al Nuevo R\u00e9gimen \u00danico Simplificado (Nuevo RUS) y realicen operaciones por las que corresponde emitir factura no deben aplicar lo dispuesto en el ac\u00e1pite i) del inciso a) del p\u00e1rrafo 2.2 del art\u00edculo 2 de la Resoluci\u00f3n de Superintendencia 279-2019.<\/span><\/p>\n<p><span style=\"color: #000000;\">Adem\u00e1s, su designaci\u00f3n para la emisi\u00f3n de facturas electr\u00f3nicas y notas electr\u00f3nicas vinculadas a estas opera a partir del 1 de setiembre del 2021.<\/span><\/p>\n<p><strong><span style=\"color: #000000;\">Suspensi\u00f3n<\/span><\/strong><\/p>\n<p><span style=\"color: #000000;\">La Resoluci\u00f3n de Superintendencia 000221-2020\/Sunat ampl\u00eda el plazo de suspensi\u00f3n del requisito para autorizaci\u00f3n de impresi\u00f3n, importaci\u00f3n o generaci\u00f3n v\u00eda sistemas computarizados de documentos en contingencia, y modifica el art\u00edculo 1 de la Resoluci\u00f3n de Superintendencia 253-2018\/Sunat.<\/span><\/p>\n<p><span style=\"color: #000000;\">As\u00ed se determina que hasta el 31 de diciembre del 2021 se suspende la aplicaci\u00f3n del literal a) del inciso 4.2.2 del numeral 4.2 del art\u00edculo 4 de la Resoluci\u00f3n de Superintendencia 300-2014\/Sunat.<\/span><\/p>\n<p><span style=\"color: #000000;\">Se establece que la solicitud que se presente a partir del 1 de enero del 2022 ser\u00e1 considerada para efecto de dicho literal como primera solicitud.<\/span><\/p>\n<p><span style=\"color: #000000;\">La suspensi\u00f3n antes mencionada, tambi\u00e9n, se produce a efecto de lo indicado en el literal b) del numeral 4.4 del art\u00edculo 4 de la Resoluci\u00f3n de Superintendencia 300-2014\/Sunat.<\/span><\/p>\n<p><strong><span style=\"color: #000000;\">Vigencia<\/span><\/strong><\/p>\n<p><span style=\"color: #000000;\">La presente resoluci\u00f3n entra en vigencia a partir de ma\u00f1ana.<\/span><\/p>\n<p><span style=\"color: #000000;\">En los considerandos de la norma se menciona que en el contexto de la recuperaci\u00f3n social y econ\u00f3mica debido a los graves efectos provocados por la pandemia del covid-19, resulta necesario postergar las fechas para exigir el cumplimiento de las obligaciones antes mencionadas, referidas a la obtenci\u00f3n de la certificaci\u00f3n ISO\/IEC-27001 y la utilizaci\u00f3n del SEE- OSE y\/o el SEE \u2013 SOL.<\/span><\/p>\n","protected":false},"excerpt":{"rendered":"<p>Ante efectos de pandemia del covid-19 Lima, 27 Diciembre 2020, (ANDINA).- La Superintendencia Nacional de Aduanas y Administraci\u00f3n Tributaria (Sunat) flexibiliz\u00f3 hoy disposiciones en la normativa sobre emisi\u00f3n electr\u00f3nica, a trav\u00e9s de la Resoluci\u00f3n de Superintendencia 000221-2020\/Sunat, publicada en el diario El Peruano. Se establece la postergaci\u00f3n de la fecha a partir de la cual [&hellip;]<\/p>\n","protected":false},"author":1,"featured_media":68078,"comment_status":"open","ping_status":"open","sticky":false,"template":"","format":"standard","meta":{"rop_custom_images_group":[],"rop_custom_messages_group":[],"rop_publish_now":"initial","rop_publish_now_accounts":[],"rop_publish_now_history":[],"rop_publish_now_status":"pending","footnotes":""},"categories":[10],"tags":[425],"class_list":["post-89426","post","type-post","status-publish","format-standard","has-post-thumbnail","hentry","category-actualidad-municipal","tag-sunat"],"_links":{"self":[{"href":"https:\/\/elinformanteperu.com\/index.php\/wp-json\/wp\/v2\/posts\/89426","targetHints":{"allow":["GET"]}}],"collection":[{"href":"https:\/\/elinformanteperu.com\/index.php\/wp-json\/wp\/v2\/posts"}],"about":[{"href":"https:\/\/elinformanteperu.com\/index.php\/wp-json\/wp\/v2\/types\/post"}],"author":[{"embeddable":true,"href":"https:\/\/elinformanteperu.com\/index.php\/wp-json\/wp\/v2\/users\/1"}],"replies":[{"embeddable":true,"href":"https:\/\/elinformanteperu.com\/index.php\/wp-json\/wp\/v2\/comments?post=89426"}],"version-history":[{"count":1,"href":"https:\/\/elinformanteperu.com\/index.php\/wp-json\/wp\/v2\/posts\/89426\/revisions"}],"predecessor-version":[{"id":89428,"href":"https:\/\/elinformanteperu.com\/index.php\/wp-json\/wp\/v2\/posts\/89426\/revisions\/89428"}],"wp:featuredmedia":[{"embeddable":true,"href":"https:\/\/elinformanteperu.com\/index.php\/wp-json\/wp\/v2\/media\/68078"}],"wp:attachment":[{"href":"https:\/\/elinformanteperu.com\/index.php\/wp-json\/wp\/v2\/media?parent=89426"}],"wp:term":[{"taxonomy":"category","embeddable":true,"href":"https:\/\/elinformanteperu.com\/index.php\/wp-json\/wp\/v2\/categories?post=89426"},{"taxonomy":"post_tag","embeddable":true,"href":"https:\/\/elinformanteperu.com\/index.php\/wp-json\/wp\/v2\/tags?post=89426"}],"curies":[{"name":"wp","href":"https:\/\/api.w.org\/{rel}","templated":true}]}}