{"id":89423,"date":"2020-12-27T14:04:28","date_gmt":"2020-12-27T19:04:28","guid":{"rendered":"https:\/\/elinformanteperu.com\/?p=89423"},"modified":"2020-12-27T14:04:28","modified_gmt":"2020-12-27T19:04:28","slug":"aprueban-protocolos-sanitarios-para-actividades-de-artes-escenicas-con-publico","status":"publish","type":"post","link":"https:\/\/elinformanteperu.com\/index.php\/2020\/12\/27\/aprueban-protocolos-sanitarios-para-actividades-de-artes-escenicas-con-publico\/","title":{"rendered":"Aprueban protocolos sanitarios para actividades de artes esc\u00e9nicas con p\u00fablico"},"content":{"rendered":"<p><strong><span style=\"color: #000000;\">Tales como teatro, circo, conciertos, danza, entre otros, con la aprobaci\u00f3n del Ministerio de Salud<\/span><\/strong><\/p>\n<p><span style=\"color: #000000;\"><strong>Lima, 27 Diciembre 2020, (ANDINA).-<\/strong> El Ministerio de Cultura public\u00f3, mediante resoluci\u00f3n ministerial, los protocolos para la reactivaci\u00f3n de las artes esc\u00e9nicas con p\u00fablico, en salas de teatros, carpas de circo y otro tipo instalaciones, para la realizaci\u00f3n de espect\u00e1culos.<\/span><\/p>\n<p><span style=\"color: #000000;\">Dicho portafolio precis\u00f3 que los protocolos hacen referencia a la reanudaci\u00f3n de las artes esc\u00e9nicas con p\u00fablico, en espacios cerrados (con aforo del 40%) y abiertos (con aforo del 60%).<\/span><\/p>\n<p><span style=\"color: #000000;\">Como se anunci\u00f3 anteriormente, los protocolos apuntan a la reactivaci\u00f3n de las artes esc\u00e9nicas, entendidas como m\u00fasica, danza, teatro, magia, circo y las diversas variedades, que se encuentran en estas disciplinas.<\/span><\/p>\n<p><span style=\"color: #000000;\">Para la venta de entradas o boletos al p\u00fablico, se alentar\u00e1 la implementaci\u00f3n de formas de pago sin contacto, priorizando las ventas por medios de pago virtuales (transferencias bancarias, aplicativos, entre otros), para reducir el riesgo de contagio.<\/span><\/p>\n<p><span style=\"color: #000000;\">Los espacios cerrados, para el desarrollo de estas actividades. podr\u00e1n ser: teatros, carpas de circo, coliseos, auditorios, salas de espect\u00e1culos o de usos m\u00faltiples, entre otros. En el caso de espacios abiertos, se podr\u00e1 utilizar anfiteatros, explanadas, parques, losas deportivas e, incluso, la v\u00eda p\u00fablica.<\/span><\/p>\n<p><span style=\"color: #000000;\">Entre las principales regulaciones, se se\u00f1ala que, los espect\u00e1culos deben contar con una duraci\u00f3n m\u00e1xima de 90 minutos, en el caso de los espacios cerrados. El uso correcto de mascarillas, por parte del p\u00fablico, ser\u00e1 obligatorio durante las funciones. Y estar\u00e1 prohibido el consumo de alimentos y alcohol.<\/span><\/p>\n<p><span style=\"color: #000000;\">De otro lado, los organizadores, deber\u00e1n establecer mecanismos de trazabilidad, en caso se identificaran casos positivos de covid-19, como consecuencia de un evento espec\u00edfico.<\/span><\/p>\n<p><span style=\"color: #000000;\">En el caso de las acciones esc\u00e9nicas en v\u00eda p\u00fablica, se debe evitar la aglomeraci\u00f3n de personas, y el contacto con conductores de autom\u00f3viles y transe\u00fantes.<\/span><\/p>\n<p><span style=\"color: #000000;\">Los artistas, deber\u00e1n mantener la distancia f\u00edsica entre ellos y el p\u00fablico. En estos casos, las municipalidades o instituciones administradoras de los espacios, deber\u00e1n brindar las facilidades y pautas necesarias, para la realizaci\u00f3n de las actividades art\u00edsticas.<\/span><\/p>\n<p><span style=\"color: #000000;\">El detalle de los protocolos podr\u00e1 encontrarse en la Resoluci\u00f3n Ministerial N\u00b0 321-2020-DM-MC<\/span><\/p>\n<p><span style=\"color: #000000;\">En base a los protocolos, los interesados, deber\u00e1n dise\u00f1ar un \u201cPlan para la vigilancia, prevenci\u00f3n y control de covid-19 en el trabajo\u201d y enviar dicho documento por correo electr\u00f3nico al Ministerio de Salud (empresa@minsa.gob.pe), con lo cual se entender\u00e1 que, cuentan con autorizaci\u00f3n autom\u00e1tica para iniciar operaciones. Las autoridades competentes, realizar\u00e1n la fiscalizaci\u00f3n de manera posterior.<\/span><\/p>\n<p><strong><span style=\"color: #000000;\">Reactivaci\u00f3n econ\u00f3mica con di\u00e1logo<\/span><\/strong><\/p>\n<p><span style=\"color: #000000;\">Los aforos propuestos, garantizan el control y la vigilancia de la propagaci\u00f3n del covid-19. Los nuevos protocolos, se sustentan en un an\u00e1lisis realizado, en base a un conjunto de espacios culturales.<\/span><\/p>\n<p><span style=\"color: #000000;\">Cabe se\u00f1alar, adem\u00e1s, que surgen en atenci\u00f3n a solicitudes realizadas por trabajadores culturales a nivel nacional, los cuales, en una serie de reuniones con el Ministerio de Cultura, han manifestado propuestas para la reactivaci\u00f3n.<\/span><\/p>\n<p><span style=\"color: #000000;\">A\u00fan queda pendiente, por parte del Ministerio de Salud, la aprobaci\u00f3n de protocolos referidos a la ense\u00f1anza art\u00edstica.<\/span><\/p>\n<p><span style=\"color: #000000;\">El Ministerio de Cultura reafirma el compromiso del gobierno por una reactivaci\u00f3n econ\u00f3mica sostenible y responsable, de la mano de los trabajadores de la cultura y la ciudadan\u00eda.<\/span><\/p>\n","protected":false},"excerpt":{"rendered":"<p>Tales como teatro, circo, conciertos, danza, entre otros, con la aprobaci\u00f3n del Ministerio de Salud Lima, 27 Diciembre 2020, (ANDINA).- El Ministerio de Cultura public\u00f3, mediante resoluci\u00f3n ministerial, los protocolos para la reactivaci\u00f3n de las artes esc\u00e9nicas con p\u00fablico, en salas de teatros, carpas de circo y otro tipo instalaciones, para la realizaci\u00f3n de espect\u00e1culos. [&hellip;]<\/p>\n","protected":false},"author":1,"featured_media":89424,"comment_status":"open","ping_status":"open","sticky":false,"template":"","format":"standard","meta":{"rop_custom_images_group":[],"rop_custom_messages_group":[],"rop_publish_now":"initial","rop_publish_now_accounts":[],"rop_publish_now_history":[],"rop_publish_now_status":"pending","footnotes":""},"categories":[10,5745],"tags":[105,388,431],"class_list":["post-89423","post","type-post","status-publish","format-standard","has-post-thumbnail","hentry","category-actualidad-municipal","category-lo-ultimo","tag-ministerio-de-cultura","tag-ministerio-de-salud","tag-minsa"],"_links":{"self":[{"href":"https:\/\/elinformanteperu.com\/index.php\/wp-json\/wp\/v2\/posts\/89423","targetHints":{"allow":["GET"]}}],"collection":[{"href":"https:\/\/elinformanteperu.com\/index.php\/wp-json\/wp\/v2\/posts"}],"about":[{"href":"https:\/\/elinformanteperu.com\/index.php\/wp-json\/wp\/v2\/types\/post"}],"author":[{"embeddable":true,"href":"https:\/\/elinformanteperu.com\/index.php\/wp-json\/wp\/v2\/users\/1"}],"replies":[{"embeddable":true,"href":"https:\/\/elinformanteperu.com\/index.php\/wp-json\/wp\/v2\/comments?post=89423"}],"version-history":[{"count":1,"href":"https:\/\/elinformanteperu.com\/index.php\/wp-json\/wp\/v2\/posts\/89423\/revisions"}],"predecessor-version":[{"id":89425,"href":"https:\/\/elinformanteperu.com\/index.php\/wp-json\/wp\/v2\/posts\/89423\/revisions\/89425"}],"wp:featuredmedia":[{"embeddable":true,"href":"https:\/\/elinformanteperu.com\/index.php\/wp-json\/wp\/v2\/media\/89424"}],"wp:attachment":[{"href":"https:\/\/elinformanteperu.com\/index.php\/wp-json\/wp\/v2\/media?parent=89423"}],"wp:term":[{"taxonomy":"category","embeddable":true,"href":"https:\/\/elinformanteperu.com\/index.php\/wp-json\/wp\/v2\/categories?post=89423"},{"taxonomy":"post_tag","embeddable":true,"href":"https:\/\/elinformanteperu.com\/index.php\/wp-json\/wp\/v2\/tags?post=89423"}],"curies":[{"name":"wp","href":"https:\/\/api.w.org\/{rel}","templated":true}]}}