{"id":89411,"date":"2020-12-27T13:45:33","date_gmt":"2020-12-27T18:45:33","guid":{"rendered":"https:\/\/elinformanteperu.com\/?p=89411"},"modified":"2020-12-27T13:45:33","modified_gmt":"2020-12-27T18:45:33","slug":"atencion-lluvia-granizo-y-nieve-intensa-seguira-cayendo-en-la-sierra","status":"publish","type":"post","link":"https:\/\/elinformanteperu.com\/index.php\/2020\/12\/27\/atencion-lluvia-granizo-y-nieve-intensa-seguira-cayendo-en-la-sierra\/","title":{"rendered":"\u00a1Atenci\u00f3n! Lluvia, granizo y nieve intensa seguir\u00e1 cayendo en la Sierra"},"content":{"rendered":"<p><strong><span style=\"color: #000000;\">Hasta el martes 29 de diciembre, inform\u00f3 el Senamhi que alert\u00f3 a m\u00e1s de 60 provincias<\/span><\/strong><\/p>\n<p><span style=\"color: #000000;\"><strong>Lima, 27 Diciembre 2020, (ANDINA).-<\/strong> Desde este mediod\u00eda hasta el martes 29 de diciembre se presentar\u00e1n lluvia, nieve y granizo de moderada a fuerte intensidad, acompa\u00f1adas de descargas el\u00e9ctricas y r\u00e1fagas de viento en la Sierra, inform\u00f3 el Servicio Nacional de Meteorolog\u00eda e Hidrolog\u00eda (Senamhi).<\/span><\/p>\n<p><span style=\"color: #000000;\">Dicha instituci\u00f3n a\u00f1ade que se prev\u00e9n acumulados pluviales pr\u00f3ximos a los 18 mil\u00edmetros por d\u00eda a lo largo de la Sierra, y valores superiores a los 25 mil\u00edmetros por d\u00eda, de forma localizada.<\/span><\/p>\n<p><span style=\"color: #000000;\">En zonas por encima de los 4000 metros sobre el nivel del mar (m.s.n.m) se prev\u00e9n acumulados localizados de nieve de hasta 5 cent\u00edmetros por d\u00eda.<\/span><\/p>\n<p><span style=\"color: #000000;\">Asimismo, se presentar\u00e1 granizada de forma aislada en localidades sobre los 3000 m s. n. m. y r\u00e1fagas viento cercanas a los 45 kil\u00f3metros por hora. Tambi\u00e9n se registrar\u00e1 lluvia localizada en la costa centro y sur.<\/span><\/p>\n","protected":false},"excerpt":{"rendered":"<p>Hasta el martes 29 de diciembre, inform\u00f3 el Senamhi que alert\u00f3 a m\u00e1s de 60 provincias Lima, 27 Diciembre 2020, (ANDINA).- Desde este mediod\u00eda hasta el martes 29 de diciembre se presentar\u00e1n lluvia, nieve y granizo de moderada a fuerte intensidad, acompa\u00f1adas de descargas el\u00e9ctricas y r\u00e1fagas de viento en la Sierra, inform\u00f3 el Servicio [&hellip;]<\/p>\n","protected":false},"author":1,"featured_media":89412,"comment_status":"open","ping_status":"open","sticky":false,"template":"","format":"standard","meta":{"rop_custom_images_group":[],"rop_custom_messages_group":[],"rop_publish_now":"initial","rop_publish_now_accounts":[],"rop_publish_now_history":[],"rop_publish_now_status":"pending","footnotes":""},"categories":[10],"tags":[514],"class_list":["post-89411","post","type-post","status-publish","format-standard","has-post-thumbnail","hentry","category-actualidad-municipal","tag-senamhi"],"_links":{"self":[{"href":"https:\/\/elinformanteperu.com\/index.php\/wp-json\/wp\/v2\/posts\/89411","targetHints":{"allow":["GET"]}}],"collection":[{"href":"https:\/\/elinformanteperu.com\/index.php\/wp-json\/wp\/v2\/posts"}],"about":[{"href":"https:\/\/elinformanteperu.com\/index.php\/wp-json\/wp\/v2\/types\/post"}],"author":[{"embeddable":true,"href":"https:\/\/elinformanteperu.com\/index.php\/wp-json\/wp\/v2\/users\/1"}],"replies":[{"embeddable":true,"href":"https:\/\/elinformanteperu.com\/index.php\/wp-json\/wp\/v2\/comments?post=89411"}],"version-history":[{"count":1,"href":"https:\/\/elinformanteperu.com\/index.php\/wp-json\/wp\/v2\/posts\/89411\/revisions"}],"predecessor-version":[{"id":89413,"href":"https:\/\/elinformanteperu.com\/index.php\/wp-json\/wp\/v2\/posts\/89411\/revisions\/89413"}],"wp:featuredmedia":[{"embeddable":true,"href":"https:\/\/elinformanteperu.com\/index.php\/wp-json\/wp\/v2\/media\/89412"}],"wp:attachment":[{"href":"https:\/\/elinformanteperu.com\/index.php\/wp-json\/wp\/v2\/media?parent=89411"}],"wp:term":[{"taxonomy":"category","embeddable":true,"href":"https:\/\/elinformanteperu.com\/index.php\/wp-json\/wp\/v2\/categories?post=89411"},{"taxonomy":"post_tag","embeddable":true,"href":"https:\/\/elinformanteperu.com\/index.php\/wp-json\/wp\/v2\/tags?post=89411"}],"curies":[{"name":"wp","href":"https:\/\/api.w.org\/{rel}","templated":true}]}}