{"id":89402,"date":"2020-12-27T13:34:10","date_gmt":"2020-12-27T18:34:10","guid":{"rendered":"https:\/\/elinformanteperu.com\/?p=89402"},"modified":"2020-12-27T14:50:30","modified_gmt":"2020-12-27T19:50:30","slug":"rio-moche-en-emergencia-varios-distritos-de-la-libertad-por-peligro-ante-contaminacion","status":"publish","type":"post","link":"https:\/\/elinformanteperu.com\/index.php\/2020\/12\/27\/rio-moche-en-emergencia-varios-distritos-de-la-libertad-por-peligro-ante-contaminacion\/","title":{"rendered":"R\u00edo Moche: en emergencia varios distritos de La Libertad por peligro ante contaminaci\u00f3n"},"content":{"rendered":"<p><strong><span style=\"color: #000000;\">Medida dispuesta por el Ejecutivo regir\u00e1 por 60 d\u00edas calendario en diez jurisdicciones de tres provincias<\/span><\/strong><\/p>\n<p><span style=\"color: #000000;\"><strong>La Libertad, 27 Diciembre 2020, (ANDINA).-<\/strong> El Ejecutivo declar\u00f3 el estado de emergencia, por 60 d\u00edas calendario, en diez distritos de las provincias de Santiago de Chuco, Otuzco y Trujillo, del departamento de La Libertad, por peligro inminente ante la contaminaci\u00f3n de aguas superficiales del r\u00edo Moche.<\/span><\/p>\n<p><span style=\"color: #000000;\">Se trata de los distritos de Quiruvilca de la provincia de Santiago de Chuco; Agallpampa, Salpo y Otuzco de la provincia de Otuzco; y Poroto, Laredo, Trujillo, Huanchaco, Moche y V\u00edctor Larco Herrera de la provincia de Trujillo; precisa el Decreto Supremo N\u00b0 204-2020-PCM publicado hoy en el Bolet\u00edn de Normas Legales del Diario El Peruano.<\/span><\/p>\n<p><span style=\"color: #000000;\">La medida se dicta para la ejecuci\u00f3n de medidas y acciones de excepci\u00f3n, inmediatas y necesarias de reducci\u00f3n del muy alto riesgo existente, as\u00ed como de respuesta y rehabilitaci\u00f3n en caso amerite; por parte del Gobierno Regional de La Libertad, y los gobiernos locales comprendidos, con la coordinaci\u00f3n t\u00e9cnica y seguimiento del Instituto Nacional de Defensa Civil (Indeci).<\/span><\/p>\n<p><span style=\"color: #000000;\">Participar\u00e1n, adem\u00e1s, los ministerios de Salud, Educaci\u00f3n, Desarrollo Agrario y Riego, Energ\u00eda y Minas, del Interior, Defensa, del Ambiente; y dem\u00e1s instituciones p\u00fablicas y privadas involucradas.<\/span><\/p>\n","protected":false},"excerpt":{"rendered":"<p>Medida dispuesta por el Ejecutivo regir\u00e1 por 60 d\u00edas calendario en diez jurisdicciones de tres provincias La Libertad, 27 Diciembre 2020, (ANDINA).- El Ejecutivo declar\u00f3 el estado de emergencia, por 60 d\u00edas calendario, en diez distritos de las provincias de Santiago de Chuco, Otuzco y Trujillo, del departamento de La Libertad, por peligro inminente ante [&hellip;]<\/p>\n","protected":false},"author":1,"featured_media":89403,"comment_status":"open","ping_status":"open","sticky":false,"template":"","format":"standard","meta":{"rop_custom_images_group":[],"rop_custom_messages_group":[],"rop_publish_now":"initial","rop_publish_now_accounts":[],"rop_publish_now_history":[],"rop_publish_now_status":"pending","footnotes":""},"categories":[10],"tags":[148,4270,364],"class_list":["post-89402","post","type-post","status-publish","format-standard","has-post-thumbnail","hentry","category-actualidad-municipal","tag-indeci","tag-la-libertad","tag-minagri"],"_links":{"self":[{"href":"https:\/\/elinformanteperu.com\/index.php\/wp-json\/wp\/v2\/posts\/89402","targetHints":{"allow":["GET"]}}],"collection":[{"href":"https:\/\/elinformanteperu.com\/index.php\/wp-json\/wp\/v2\/posts"}],"about":[{"href":"https:\/\/elinformanteperu.com\/index.php\/wp-json\/wp\/v2\/types\/post"}],"author":[{"embeddable":true,"href":"https:\/\/elinformanteperu.com\/index.php\/wp-json\/wp\/v2\/users\/1"}],"replies":[{"embeddable":true,"href":"https:\/\/elinformanteperu.com\/index.php\/wp-json\/wp\/v2\/comments?post=89402"}],"version-history":[{"count":1,"href":"https:\/\/elinformanteperu.com\/index.php\/wp-json\/wp\/v2\/posts\/89402\/revisions"}],"predecessor-version":[{"id":89404,"href":"https:\/\/elinformanteperu.com\/index.php\/wp-json\/wp\/v2\/posts\/89402\/revisions\/89404"}],"wp:featuredmedia":[{"embeddable":true,"href":"https:\/\/elinformanteperu.com\/index.php\/wp-json\/wp\/v2\/media\/89403"}],"wp:attachment":[{"href":"https:\/\/elinformanteperu.com\/index.php\/wp-json\/wp\/v2\/media?parent=89402"}],"wp:term":[{"taxonomy":"category","embeddable":true,"href":"https:\/\/elinformanteperu.com\/index.php\/wp-json\/wp\/v2\/categories?post=89402"},{"taxonomy":"post_tag","embeddable":true,"href":"https:\/\/elinformanteperu.com\/index.php\/wp-json\/wp\/v2\/tags?post=89402"}],"curies":[{"name":"wp","href":"https:\/\/api.w.org\/{rel}","templated":true}]}}