{"id":89389,"date":"2020-12-26T17:06:42","date_gmt":"2020-12-26T22:06:42","guid":{"rendered":"https:\/\/elinformanteperu.com\/?p=89389"},"modified":"2020-12-26T17:06:42","modified_gmt":"2020-12-26T22:06:42","slug":"elecciones-2021-jovenes-que-cumplan-18-anos-hasta-el-11-de-abril-podran-votar","status":"publish","type":"post","link":"https:\/\/elinformanteperu.com\/index.php\/2020\/12\/26\/elecciones-2021-jovenes-que-cumplan-18-anos-hasta-el-11-de-abril-podran-votar\/","title":{"rendered":"Elecciones 2021: j\u00f3venes que cumplan 18 a\u00f1os hasta el 11 de abril podr\u00e1n votar"},"content":{"rendered":"<p><span style=\"color: #000000;\"><strong>Lima, 26 Diciembre 2020, (ANDINA).-<\/strong> Por primera vez en el Per\u00fa, durante las elecciones generales del 11 de abril, ejercer\u00e1n su derecho y deber de sufragar los peruanos que cumplan 18 a\u00f1os hasta el d\u00eda de los comicios.<\/span><\/p>\n<p><span style=\"color: #000000;\">Esto no ocurri\u00f3 en las elecciones generales del 2016, pues la legislaci\u00f3n dispon\u00eda que se incluyera en el padr\u00f3n a los que ten\u00edan 18 a\u00f1os cuando este se cerraba y, seg\u00fan la norma de entonces, el padr\u00f3n se cerraba 120 d\u00edas antes de la jornada electoral.<\/span><\/p>\n<p><span style=\"color: #000000;\">En octubre del 2017, la Ley N\u00b0 30673 modific\u00f3 varias normas y dispuso que el padr\u00f3n electoral se cierre 365 d\u00edas antes de los comicios, y que este comprenda a los j\u00f3venes que alcancen la mayor\u00eda de edad durante ese a\u00f1o previo, hasta el mismo d\u00eda de la votaci\u00f3n.<\/span><\/p>\n<p><span style=\"color: #000000;\">En consecuencia, el Registro Nacional de Identificaci\u00f3n y Estado Civil (Reniec) ha determinado que est\u00e1n habilitados para el sufragio, el 11 de abril del pr\u00f3ximo a\u00f1o, 549,648 j\u00f3venes que est\u00e1n cumpliendo 18 a\u00f1os en el a\u00f1o anterior a esta fecha.<\/span><\/p>\n<p><strong><span style=\"color: #000000;\">Voto obligatorio<\/span><\/strong><\/p>\n<p><span style=\"color: #000000;\">El Reniec afirma que, de acuerdo con las actuales normas electorales, deben sufragar los ciudadanos que figuran en el padr\u00f3n, excepto los que ya cumplieron 70 a\u00f1os.<\/span><\/p>\n<p><span style=\"color: #000000;\">Al respecto, las multas por no votar var\u00edan de seg\u00fan el distrito donde se vive, y hay multas adicionales para los miembros de mesa que no desempe\u00f1en las funciones que les corresponden.<\/span><\/p>\n<p><span style=\"color: #000000;\">Del mismo modo, el Reniec entrega el DNI azul a los peruanos desde los 17 a\u00f1os, a fin de que se inscriban en una de las oficinas del Registro Militar de las Fuerzas Armadas y obtener una constancia de inscripci\u00f3n.<\/span><\/p>\n<p><strong><span style=\"color: #000000;\">\u00bfC\u00f3mo se obtiene un DNI azul a los 17 a\u00f1os?<\/span><\/strong><\/p>\n<p><span style=\"color: #000000;\">&#8211; Primero hay que pagar 30 soles para la renovaci\u00f3n.<\/span><\/p>\n<p><span style=\"color: #000000;\">&#8211; Si no se tuvo un DNI amarillo, se debe inscribir presentando un recibo de servicio p\u00fablico (agua, luz o tel\u00e9fono) o tributo municipal (con fecha de emisi\u00f3n no mayor de seis meses), y la partida de nacimiento (excepto cuando esta se halla en la base de datos del Reniec).<\/span><\/p>\n","protected":false},"excerpt":{"rendered":"<p>Lima, 26 Diciembre 2020, (ANDINA).- Por primera vez en el Per\u00fa, durante las elecciones generales del 11 de abril, ejercer\u00e1n su derecho y deber de sufragar los peruanos que cumplan 18 a\u00f1os hasta el d\u00eda de los comicios. Esto no ocurri\u00f3 en las elecciones generales del 2016, pues la legislaci\u00f3n dispon\u00eda que se incluyera en [&hellip;]<\/p>\n","protected":false},"author":1,"featured_media":89390,"comment_status":"open","ping_status":"open","sticky":false,"template":"","format":"standard","meta":{"rop_custom_images_group":[],"rop_custom_messages_group":[],"rop_publish_now":"initial","rop_publish_now_accounts":[],"rop_publish_now_history":[],"rop_publish_now_status":"pending","footnotes":""},"categories":[5],"tags":[5461,146],"class_list":["post-89389","post","type-post","status-publish","format-standard","has-post-thumbnail","hentry","category-actualidad-informativa","tag-elecciones-2021","tag-reniec"],"_links":{"self":[{"href":"https:\/\/elinformanteperu.com\/index.php\/wp-json\/wp\/v2\/posts\/89389","targetHints":{"allow":["GET"]}}],"collection":[{"href":"https:\/\/elinformanteperu.com\/index.php\/wp-json\/wp\/v2\/posts"}],"about":[{"href":"https:\/\/elinformanteperu.com\/index.php\/wp-json\/wp\/v2\/types\/post"}],"author":[{"embeddable":true,"href":"https:\/\/elinformanteperu.com\/index.php\/wp-json\/wp\/v2\/users\/1"}],"replies":[{"embeddable":true,"href":"https:\/\/elinformanteperu.com\/index.php\/wp-json\/wp\/v2\/comments?post=89389"}],"version-history":[{"count":1,"href":"https:\/\/elinformanteperu.com\/index.php\/wp-json\/wp\/v2\/posts\/89389\/revisions"}],"predecessor-version":[{"id":89391,"href":"https:\/\/elinformanteperu.com\/index.php\/wp-json\/wp\/v2\/posts\/89389\/revisions\/89391"}],"wp:featuredmedia":[{"embeddable":true,"href":"https:\/\/elinformanteperu.com\/index.php\/wp-json\/wp\/v2\/media\/89390"}],"wp:attachment":[{"href":"https:\/\/elinformanteperu.com\/index.php\/wp-json\/wp\/v2\/media?parent=89389"}],"wp:term":[{"taxonomy":"category","embeddable":true,"href":"https:\/\/elinformanteperu.com\/index.php\/wp-json\/wp\/v2\/categories?post=89389"},{"taxonomy":"post_tag","embeddable":true,"href":"https:\/\/elinformanteperu.com\/index.php\/wp-json\/wp\/v2\/tags?post=89389"}],"curies":[{"name":"wp","href":"https:\/\/api.w.org\/{rel}","templated":true}]}}