{"id":89387,"date":"2020-12-26T17:04:11","date_gmt":"2020-12-26T22:04:11","guid":{"rendered":"https:\/\/elinformanteperu.com\/?p=89387"},"modified":"2020-12-26T17:04:11","modified_gmt":"2020-12-26T22:04:11","slug":"jee-admite-lista-de-candidatos-de-podemos-peru-al-congreso-por-lima","status":"publish","type":"post","link":"https:\/\/elinformanteperu.com\/index.php\/2020\/12\/26\/jee-admite-lista-de-candidatos-de-podemos-peru-al-congreso-por-lima\/","title":{"rendered":"JEE admite lista de candidatos de Podemos Per\u00fa al Congreso por Lima"},"content":{"rendered":"<p><strong><span style=\"color: #000000;\">Con miras a elecciones 2021<\/span><\/strong><\/p>\n<p><span style=\"color: #000000;\"><strong>Lima, 26 Diciembre 2020, (ANDINA).-<\/strong> El Jurado Electoral Especial (JEE) Lima Centro 2 dio por subsanada la solicitud de inscripci\u00f3n de la lista de candidatos al Congreso del partido Podemos Per\u00fa para el distrito electoral de Lima, y resolvi\u00f3 su admisi\u00f3n.<\/span><\/p>\n<p><span style=\"color: #000000;\">La disposici\u00f3n fue establecida mediante la Resoluci\u00f3n N\u00b0 00065-2020-JEE-LIC2\/JNE.<\/span><\/p>\n<p><span style=\"color: #000000;\">Seg\u00fan lo presentado por el personero legal del partido, Jos\u00e9 Amaya, la lista la encabeza el fundador del partido y excongresista, Jos\u00e9 Luna G\u00e1lvez, investigado por el Ministerio P\u00fablico a la fecha.<\/span><\/p>\n<p><span style=\"color: #000000;\">La resoluci\u00f3n del JEE Lima Centro 2 ser\u00e1 notificada al personero legal y remitida a la Oficina Descentralizada de los Procesos Electorales (ONPE).<\/span><\/p>\n<p><span style=\"color: #000000;\">Asimismo, ser\u00e1 publicada en el portal electr\u00f3nico institucional del JNE y en el panel del JEE, para el periodo de tachas correspondiente.<\/span><\/p>\n","protected":false},"excerpt":{"rendered":"<p>Con miras a elecciones 2021 Lima, 26 Diciembre 2020, (ANDINA).- El Jurado Electoral Especial (JEE) Lima Centro 2 dio por subsanada la solicitud de inscripci\u00f3n de la lista de candidatos al Congreso del partido Podemos Per\u00fa para el distrito electoral de Lima, y resolvi\u00f3 su admisi\u00f3n. La disposici\u00f3n fue establecida mediante la Resoluci\u00f3n N\u00b0 00065-2020-JEE-LIC2\/JNE. [&hellip;]<\/p>\n","protected":false},"author":1,"featured_media":82480,"comment_status":"open","ping_status":"open","sticky":false,"template":"","format":"standard","meta":{"rop_custom_images_group":[],"rop_custom_messages_group":[],"rop_publish_now":"initial","rop_publish_now_accounts":[],"rop_publish_now_history":[],"rop_publish_now_status":"pending","footnotes":""},"categories":[5],"tags":[5461,2952,4648,2953],"class_list":["post-89387","post","type-post","status-publish","format-standard","has-post-thumbnail","hentry","category-actualidad-informativa","tag-elecciones-2021","tag-jose-luna","tag-jurado-electoral-especial","tag-podemos-peru"],"_links":{"self":[{"href":"https:\/\/elinformanteperu.com\/index.php\/wp-json\/wp\/v2\/posts\/89387","targetHints":{"allow":["GET"]}}],"collection":[{"href":"https:\/\/elinformanteperu.com\/index.php\/wp-json\/wp\/v2\/posts"}],"about":[{"href":"https:\/\/elinformanteperu.com\/index.php\/wp-json\/wp\/v2\/types\/post"}],"author":[{"embeddable":true,"href":"https:\/\/elinformanteperu.com\/index.php\/wp-json\/wp\/v2\/users\/1"}],"replies":[{"embeddable":true,"href":"https:\/\/elinformanteperu.com\/index.php\/wp-json\/wp\/v2\/comments?post=89387"}],"version-history":[{"count":1,"href":"https:\/\/elinformanteperu.com\/index.php\/wp-json\/wp\/v2\/posts\/89387\/revisions"}],"predecessor-version":[{"id":89388,"href":"https:\/\/elinformanteperu.com\/index.php\/wp-json\/wp\/v2\/posts\/89387\/revisions\/89388"}],"wp:featuredmedia":[{"embeddable":true,"href":"https:\/\/elinformanteperu.com\/index.php\/wp-json\/wp\/v2\/media\/82480"}],"wp:attachment":[{"href":"https:\/\/elinformanteperu.com\/index.php\/wp-json\/wp\/v2\/media?parent=89387"}],"wp:term":[{"taxonomy":"category","embeddable":true,"href":"https:\/\/elinformanteperu.com\/index.php\/wp-json\/wp\/v2\/categories?post=89387"},{"taxonomy":"post_tag","embeddable":true,"href":"https:\/\/elinformanteperu.com\/index.php\/wp-json\/wp\/v2\/tags?post=89387"}],"curies":[{"name":"wp","href":"https:\/\/api.w.org\/{rel}","templated":true}]}}