{"id":89385,"date":"2020-12-26T17:02:15","date_gmt":"2020-12-26T22:02:15","guid":{"rendered":"https:\/\/elinformanteperu.com\/?p=89385"},"modified":"2020-12-26T17:02:15","modified_gmt":"2020-12-26T22:02:15","slug":"elecciones-2021-admiten-plancha-presidencial-de-juntos-por-el-peru","status":"publish","type":"post","link":"https:\/\/elinformanteperu.com\/index.php\/2020\/12\/26\/elecciones-2021-admiten-plancha-presidencial-de-juntos-por-el-peru\/","title":{"rendered":"Elecciones 2021: admiten plancha presidencial de Juntos por el Per\u00fa"},"content":{"rendered":"<p><span style=\"color: #000000;\"><strong>Lima, 26 Diciembre 2020, (ANDINA).-<\/strong> El Jurado Electoral Especial (JEE) Lima Centro 1 admiti\u00f3 la f\u00f3rmula de candidatos a la presidencia y vicepresidencia de la Rep\u00fablica del partido Juntos para el Per\u00fa para las elecciones generales 2021.<\/span><\/p>\n<p><span style=\"color: #000000;\">La plancha de Juntos por el Per\u00fa est\u00e1 integrada por Ver\u00f3nika Mendoza Frisch como candidata a la presidencia, y Jos\u00e9 de Echave y Luzmila Ayay Casas como candidatos a la primera y segunda vicepresidenta.<\/span><\/p>\n<p><span style=\"color: #000000;\">Seg\u00fan la Resoluci\u00f3n 00018-2020-JEE-LIC1\/JNE, la solicitud de inscripci\u00f3n de la f\u00f3rmula de candidatos a la presidencia y vicepresidencias de la Rep\u00fablica, presentada por Juntos por el Per\u00fa, fue presentada dentro del plazo previsto en el cronograma electoral.<\/span><\/p>\n<p><span style=\"color: #000000;\">Asimismo, precisa que, efectuado el an\u00e1lisis correspondiente y teniendo en cuenta que la solicitud cumple con los requisitos de admisibilidad y procedibilidad previstos en las normas citadas, corresponde admitir la f\u00f3rmula presidencial.<\/span><\/p>\n<p><span style=\"color: #000000;\">De otro lado, se\u00f1ala que deber\u00e1 notificarse la resoluci\u00f3n conforme a lo dispuesto en el Reglamento sobre la Casilla Electr\u00f3nica del Jurado Nacional de Elecciones, aprobado mediante la Resoluci\u00f3n 0165-2020-JNE.<\/span><\/p>\n<p><span style=\"color: #000000;\">Un total de 22 f\u00f3rmulas de candidatos a la presidencia y vicepresidencias de la Rep\u00fablica solicitaron su inscripci\u00f3n con el fin de participar en las elecciones generales 2021.<\/span><\/p>\n","protected":false},"excerpt":{"rendered":"<p>Lima, 26 Diciembre 2020, (ANDINA).- El Jurado Electoral Especial (JEE) Lima Centro 1 admiti\u00f3 la f\u00f3rmula de candidatos a la presidencia y vicepresidencia de la Rep\u00fablica del partido Juntos para el Per\u00fa para las elecciones generales 2021. La plancha de Juntos por el Per\u00fa est\u00e1 integrada por Ver\u00f3nika Mendoza Frisch como candidata a la presidencia, [&hellip;]<\/p>\n","protected":false},"author":1,"featured_media":33869,"comment_status":"open","ping_status":"open","sticky":false,"template":"","format":"standard","meta":{"rop_custom_images_group":[],"rop_custom_messages_group":[],"rop_publish_now":"initial","rop_publish_now_accounts":[],"rop_publish_now_history":[],"rop_publish_now_status":"pending","footnotes":""},"categories":[5],"tags":[5461,1619,4648,442],"class_list":["post-89385","post","type-post","status-publish","format-standard","has-post-thumbnail","hentry","category-actualidad-informativa","tag-elecciones-2021","tag-juntos-por-el-peru","tag-jurado-electoral-especial","tag-veronika-mendoza"],"_links":{"self":[{"href":"https:\/\/elinformanteperu.com\/index.php\/wp-json\/wp\/v2\/posts\/89385","targetHints":{"allow":["GET"]}}],"collection":[{"href":"https:\/\/elinformanteperu.com\/index.php\/wp-json\/wp\/v2\/posts"}],"about":[{"href":"https:\/\/elinformanteperu.com\/index.php\/wp-json\/wp\/v2\/types\/post"}],"author":[{"embeddable":true,"href":"https:\/\/elinformanteperu.com\/index.php\/wp-json\/wp\/v2\/users\/1"}],"replies":[{"embeddable":true,"href":"https:\/\/elinformanteperu.com\/index.php\/wp-json\/wp\/v2\/comments?post=89385"}],"version-history":[{"count":1,"href":"https:\/\/elinformanteperu.com\/index.php\/wp-json\/wp\/v2\/posts\/89385\/revisions"}],"predecessor-version":[{"id":89386,"href":"https:\/\/elinformanteperu.com\/index.php\/wp-json\/wp\/v2\/posts\/89385\/revisions\/89386"}],"wp:featuredmedia":[{"embeddable":true,"href":"https:\/\/elinformanteperu.com\/index.php\/wp-json\/wp\/v2\/media\/33869"}],"wp:attachment":[{"href":"https:\/\/elinformanteperu.com\/index.php\/wp-json\/wp\/v2\/media?parent=89385"}],"wp:term":[{"taxonomy":"category","embeddable":true,"href":"https:\/\/elinformanteperu.com\/index.php\/wp-json\/wp\/v2\/categories?post=89385"},{"taxonomy":"post_tag","embeddable":true,"href":"https:\/\/elinformanteperu.com\/index.php\/wp-json\/wp\/v2\/tags?post=89385"}],"curies":[{"name":"wp","href":"https:\/\/api.w.org\/{rel}","templated":true}]}}