{"id":89374,"date":"2020-12-26T16:21:48","date_gmt":"2020-12-26T21:21:48","guid":{"rendered":"https:\/\/elinformanteperu.com\/?p=89374"},"modified":"2020-12-26T16:21:48","modified_gmt":"2020-12-26T21:21:48","slug":"elecciones-2021-un-total-de-997033-peruanos-podran-votar-en-el-extranjero","status":"publish","type":"post","link":"https:\/\/elinformanteperu.com\/index.php\/2020\/12\/26\/elecciones-2021-un-total-de-997033-peruanos-podran-votar-en-el-extranjero\/","title":{"rendered":"Elecciones 2021: un total de 997,033 peruanos podr\u00e1n votar en el extranjero"},"content":{"rendered":"<p><span style=\"color: #000000;\"><strong>Lima, 26 Diciembre 2020, (ANDINA).-<\/strong> En el proceso de elecciones generales del 11 de abril de 2021, participar\u00e1n un total de 997,033 peruanos en el extranjero, los cuales est\u00e1n habilitados para emitir su voto, seg\u00fan el padr\u00f3n electoral elaborado por el Registro Nacional de Identificaci\u00f3n y Estado Civil (Reniec) y aprobado por el Jurado Nacional de Elecciones (JNE).<\/span><\/p>\n<p><span style=\"color: #000000;\">El padr\u00f3n establece que est\u00e1n habilitados para sufragar en las elecciones del pr\u00f3ximo a\u00f1o un total de 25 millones 287,954 peruanos, de los cuales, 997,033 residen en el extranjero y 24 millones 290,921 declararon vivir en el territorio nacional.<\/span><\/p>\n<p><span style=\"color: #000000;\">Como se recuerda, los compatriotas residentes en el exterior podr\u00e1n elegir a dos representantes en el pr\u00f3ximo Congreso de la Rep\u00fablica, al haberse creado el distrito electoral n\u00famero 27.<\/span><\/p>\n<p><span style=\"color: #000000;\">Para participar en las elecciones generales, los peruanos en el exterior deber\u00e1n contar con un DNI donde aparezca su residencia actual.<\/span><\/p>\n<p><span style=\"color: #000000;\">Si la personas sigue con la direcci\u00f3n de su DNI en el Per\u00fa, es decir, si solo sigue estudios en el exterior o est\u00e1 de viaje, seguir\u00e1 votando en el distrito de su residencia.<\/span><\/p>\n<p><strong><span style=\"color: #000000;\">Prioridad<\/span><\/strong><\/p>\n<p><span style=\"color: #000000;\">La titular del Ministerio de Relaciones Exteriores, Elizabeth Astete, indic\u00f3 a finales de noviembre pasado que una de las prioridades de su gesti\u00f3n es trabajar para lograr unos comicios limpios, transparentes y democr\u00e1ticos.<\/span><\/p>\n<p><span style=\"color: #000000;\">Para ello, inform\u00f3 que su sector viene coordinando con los organismos electorales y consulados la participaci\u00f3n de los peruanos en el exterior.<\/span><\/p>\n<p><span style=\"color: #000000;\">En ese sentido, sostuvo que se instruy\u00f3 a los consulados a que busquen lugares especiales como centros de votaci\u00f3n, teniendo en cuenta la crisis sanitaria por el covid-19.<\/span><\/p>\n","protected":false},"excerpt":{"rendered":"<p>Lima, 26 Diciembre 2020, (ANDINA).- En el proceso de elecciones generales del 11 de abril de 2021, participar\u00e1n un total de 997,033 peruanos en el extranjero, los cuales est\u00e1n habilitados para emitir su voto, seg\u00fan el padr\u00f3n electoral elaborado por el Registro Nacional de Identificaci\u00f3n y Estado Civil (Reniec) y aprobado por el Jurado Nacional [&hellip;]<\/p>\n","protected":false},"author":1,"featured_media":89375,"comment_status":"open","ping_status":"open","sticky":false,"template":"","format":"standard","meta":{"rop_custom_images_group":[],"rop_custom_messages_group":[],"rop_publish_now":"initial","rop_publish_now_accounts":[],"rop_publish_now_history":[],"rop_publish_now_status":"pending","footnotes":""},"categories":[5],"tags":[294,5461,6229,146],"class_list":["post-89374","post","type-post","status-publish","format-standard","has-post-thumbnail","hentry","category-actualidad-informativa","tag-cancilleria","tag-elecciones-2021","tag-elizabeth-astete-rodriguez","tag-reniec"],"_links":{"self":[{"href":"https:\/\/elinformanteperu.com\/index.php\/wp-json\/wp\/v2\/posts\/89374","targetHints":{"allow":["GET"]}}],"collection":[{"href":"https:\/\/elinformanteperu.com\/index.php\/wp-json\/wp\/v2\/posts"}],"about":[{"href":"https:\/\/elinformanteperu.com\/index.php\/wp-json\/wp\/v2\/types\/post"}],"author":[{"embeddable":true,"href":"https:\/\/elinformanteperu.com\/index.php\/wp-json\/wp\/v2\/users\/1"}],"replies":[{"embeddable":true,"href":"https:\/\/elinformanteperu.com\/index.php\/wp-json\/wp\/v2\/comments?post=89374"}],"version-history":[{"count":1,"href":"https:\/\/elinformanteperu.com\/index.php\/wp-json\/wp\/v2\/posts\/89374\/revisions"}],"predecessor-version":[{"id":89376,"href":"https:\/\/elinformanteperu.com\/index.php\/wp-json\/wp\/v2\/posts\/89374\/revisions\/89376"}],"wp:featuredmedia":[{"embeddable":true,"href":"https:\/\/elinformanteperu.com\/index.php\/wp-json\/wp\/v2\/media\/89375"}],"wp:attachment":[{"href":"https:\/\/elinformanteperu.com\/index.php\/wp-json\/wp\/v2\/media?parent=89374"}],"wp:term":[{"taxonomy":"category","embeddable":true,"href":"https:\/\/elinformanteperu.com\/index.php\/wp-json\/wp\/v2\/categories?post=89374"},{"taxonomy":"post_tag","embeddable":true,"href":"https:\/\/elinformanteperu.com\/index.php\/wp-json\/wp\/v2\/tags?post=89374"}],"curies":[{"name":"wp","href":"https:\/\/api.w.org\/{rel}","templated":true}]}}