{"id":88863,"date":"2020-12-18T00:21:39","date_gmt":"2020-12-18T05:21:39","guid":{"rendered":"https:\/\/elinformanteperu.com\/?p=88863"},"modified":"2020-12-18T00:21:39","modified_gmt":"2020-12-18T05:21:39","slug":"ronaldo-lewandowski-thiago-y-messi-en-el-once-ideal-del-ano","status":"publish","type":"post","link":"https:\/\/elinformanteperu.com\/index.php\/2020\/12\/18\/ronaldo-lewandowski-thiago-y-messi-en-el-once-ideal-del-ano\/","title":{"rendered":"Ronaldo, Lewandowski, Thiago y Messi, en el once ideal del a\u00f1o"},"content":{"rendered":"<p><span style=\"color: #000000;\"><strong>Z\u00farich, 17 Diciembre 2020, (ANDINA).-<\/strong> Los espa\u00f1oles Sergio Ramos y Thiago Alc\u00e1ntara y el argentino Leo Messi figuran en el once del a\u00f1o FIFPro\/FIFA, anunciado durante la gala de The Best que se est\u00e1 celebrando de forma virtual desde Z\u00farich.<\/span><\/p>\n<p><span style=\"color: #000000;\">El once elegido por los futbolistas de todo el mundo est\u00e1 integrado por Alisson Becker (Liverpool), Alexander-Arnold (Liverpool), Van Dijk (Liverpool), Ramos (Real Madrid), Davies (Bayern M\u00fanich), Kimmich (Bayern M\u00fanich), De Bruyne (Manchester City), Thiago (Bayern M\u00fanich\/Liverpool), Leo Messi (Barcelona), Lewandowski (Bayern M\u00fanich) y Cristiano Ronaldo (Juventus).<\/span><\/p>\n<p><span style=\"color: #000000;\">\u00abUna de las claves es la de mantener siempre la amnbici\u00f3n, la ilusi\u00f3n y ese hambre de ganar, que pese a haber ganado mucho en mi carrera sigo manteniendo\u00bb, dijo Ramos.<\/span><\/p>\n<p><span style=\"color: #000000;\">\u00abMe gusta resetearme todos los a\u00f1os y empezar de cero. Me gusta so\u00f1ar, buscar objetivos nuevos para seguir ampliando mi palmar\u00e9s y mejorando como jugador\u00bb, apunt\u00f3 el capit\u00e1n del Real Madrid, que agradeci\u00f3 el apoyo de sus compa\u00f1eros de equipo y de la selecci\u00f3n, por entender que son fundamentales para alcanzar este tipo de reconocimientos.<\/span><\/p>\n<p><img fetchpriority=\"high\" decoding=\"async\" class=\"aligncenter size-full wp-image-88219\" src=\"https:\/\/elinformanteperu.com\/wp-content\/uploads\/2020\/12\/fifa-word.jpg\" alt=\"\" width=\"1800\" height=\"1167\" srcset=\"https:\/\/elinformanteperu.com\/wp-content\/uploads\/2020\/12\/fifa-word.jpg 1800w, https:\/\/elinformanteperu.com\/wp-content\/uploads\/2020\/12\/fifa-word-300x195.jpg 300w, https:\/\/elinformanteperu.com\/wp-content\/uploads\/2020\/12\/fifa-word-1024x664.jpg 1024w, https:\/\/elinformanteperu.com\/wp-content\/uploads\/2020\/12\/fifa-word-768x498.jpg 768w, https:\/\/elinformanteperu.com\/wp-content\/uploads\/2020\/12\/fifa-word-1536x996.jpg 1536w\" sizes=\"(max-width: 1800px) 100vw, 1800px\" \/><\/p>\n","protected":false},"excerpt":{"rendered":"<p>Z\u00farich, 17 Diciembre 2020, (ANDINA).- Los espa\u00f1oles Sergio Ramos y Thiago Alc\u00e1ntara y el argentino Leo Messi figuran en el once del a\u00f1o FIFPro\/FIFA, anunciado durante la gala de The Best que se est\u00e1 celebrando de forma virtual desde Z\u00farich. El once elegido por los futbolistas de todo el mundo est\u00e1 integrado por Alisson Becker [&hellip;]<\/p>\n","protected":false},"author":1,"featured_media":88864,"comment_status":"open","ping_status":"open","sticky":false,"template":"","format":"standard","meta":{"rop_custom_images_group":[],"rop_custom_messages_group":[],"rop_publish_now":"initial","rop_publish_now_accounts":[],"rop_publish_now_history":[],"rop_publish_now_status":"pending","footnotes":""},"categories":[8],"tags":[268,5653],"class_list":["post-88863","post","type-post","status-publish","format-standard","has-post-thumbnail","hentry","category-disciplinas-deportivas","tag-fifa","tag-the-best-2020"],"_links":{"self":[{"href":"https:\/\/elinformanteperu.com\/index.php\/wp-json\/wp\/v2\/posts\/88863","targetHints":{"allow":["GET"]}}],"collection":[{"href":"https:\/\/elinformanteperu.com\/index.php\/wp-json\/wp\/v2\/posts"}],"about":[{"href":"https:\/\/elinformanteperu.com\/index.php\/wp-json\/wp\/v2\/types\/post"}],"author":[{"embeddable":true,"href":"https:\/\/elinformanteperu.com\/index.php\/wp-json\/wp\/v2\/users\/1"}],"replies":[{"embeddable":true,"href":"https:\/\/elinformanteperu.com\/index.php\/wp-json\/wp\/v2\/comments?post=88863"}],"version-history":[{"count":1,"href":"https:\/\/elinformanteperu.com\/index.php\/wp-json\/wp\/v2\/posts\/88863\/revisions"}],"predecessor-version":[{"id":88865,"href":"https:\/\/elinformanteperu.com\/index.php\/wp-json\/wp\/v2\/posts\/88863\/revisions\/88865"}],"wp:featuredmedia":[{"embeddable":true,"href":"https:\/\/elinformanteperu.com\/index.php\/wp-json\/wp\/v2\/media\/88864"}],"wp:attachment":[{"href":"https:\/\/elinformanteperu.com\/index.php\/wp-json\/wp\/v2\/media?parent=88863"}],"wp:term":[{"taxonomy":"category","embeddable":true,"href":"https:\/\/elinformanteperu.com\/index.php\/wp-json\/wp\/v2\/categories?post=88863"},{"taxonomy":"post_tag","embeddable":true,"href":"https:\/\/elinformanteperu.com\/index.php\/wp-json\/wp\/v2\/tags?post=88863"}],"curies":[{"name":"wp","href":"https:\/\/api.w.org\/{rel}","templated":true}]}}