{"id":8882,"date":"2017-04-25T01:13:58","date_gmt":"2017-04-25T06:13:58","guid":{"rendered":"http:\/\/elinformanteperu.com\/?p=8882"},"modified":"2017-04-25T01:13:58","modified_gmt":"2017-04-25T06:13:58","slug":"reconstruccion-debe-ser-veloz-y-sin-errores-del-pasado-dice-galarreta","status":"publish","type":"post","link":"https:\/\/elinformanteperu.com\/index.php\/2017\/04\/25\/reconstruccion-debe-ser-veloz-y-sin-errores-del-pasado-dice-galarreta\/","title":{"rendered":"Reconstrucci\u00f3n debe ser veloz y sin errores del pasado, dice Galarreta"},"content":{"rendered":"<p><strong><span style=\"color: #000000;\">La reconstrucci\u00f3n de las zonas afectadas por los huaicos e inundaciones tiene que ser veloz, transparente y sin errores del pasado, dijo el vocero de Fuerza Popular, Luis Galarreta.<\/span><\/strong><\/p>\n<p><span style=\"color: #000000;\"><strong>Lima, 24 Abril 2017, (ANDINA).-<\/strong> La reconstrucci\u00f3n de las zonas afectadas por los huaicos e inundaciones tiene que ser veloz, transparente y sin errores del pasado, dijo el vocero de Fuerza Popular, Luis Galarreta, durante el debate del proyecto presentado por el Gobierno.<\/span><\/p>\n<p><span style=\"color: #000000;\">Seg\u00fan afirm\u00f3, su bancada tiene disposici\u00f3n de colaborar con el pa\u00eds, y lo ha hecho anteriormente otorgando el voto de confianza y facultades legislativas al Ejecutivo; sin embargo, ello no debe obviar las discrepancias o cuestionamientos a la referida iniciativa legal.<\/span><\/p>\n<p><span style=\"color: #000000;\">Tras sostener que la responsabilidad de la reconstrucci\u00f3n le corresponde al Ejecutivo, afirm\u00f3 que el proyecto ser\u00eda una norma supranacional que estar\u00eda por encima de leyes org\u00e1nicas o relacionadas a poderes aut\u00f3nomos.<\/span><\/p>\n<p><span style=\"color: #000000;\">Adem\u00e1s dijo, no se mencionan plazos perentorios de ejecuci\u00f3n de obras y, en su opini\u00f3n, se buscar\u00eda pasar por encima los tr\u00e1mites.<\/span><\/p>\n<p><span style=\"color: #000000;\">\u201cCuando se habla de celeridad, el fin no justifica los medios\u201d, a\u00f1adi\u00f3 el parlamentario.<\/span><\/p>\n<p><span style=\"color: #000000;\">Galarreta indic\u00f3 que espera que en el debate se puedan corregir estos aspectos que, a su juicio, han generado inquietudes.<\/span><\/p>\n<p><span style=\"color: #000000;\">El proyecto de Reconstrucci\u00f3n con Cambios busca atender con celeridad a la poblaci\u00f3n, ayudarla a reintegrarse a sus actividades sociales y productivas, facilitar la contrataci\u00f3n de bienes y servicios, y proceder con la reubicaci\u00f3n de la poblaci\u00f3n instalada en zonas de riesgo alto y muy alto.<\/span><\/p>\n<p><span style=\"color: #000000;\">Fue presentado la semana pasada en el Parlamento y se le exoner\u00f3 de su discusi\u00f3n en comisi\u00f3n, debido a la urgencia de la atenci\u00f3n de los da\u00f1os.<\/span><\/p>\n","protected":false},"excerpt":{"rendered":"<p>La reconstrucci\u00f3n de las zonas afectadas por los huaicos e inundaciones tiene que ser veloz, transparente y sin errores del pasado, dijo el vocero de Fuerza Popular, Luis Galarreta. Lima, 24 Abril 2017, (ANDINA).- La reconstrucci\u00f3n de las zonas afectadas por los huaicos e inundaciones tiene que ser veloz, transparente y sin errores del pasado, [&hellip;]<\/p>\n","protected":false},"author":1,"featured_media":6827,"comment_status":"open","ping_status":"open","sticky":false,"template":"","format":"standard","meta":{"rop_custom_images_group":[],"rop_custom_messages_group":[],"rop_publish_now":"initial","rop_publish_now_accounts":[],"rop_publish_now_history":[],"rop_publish_now_status":"pending","footnotes":""},"categories":[5],"tags":[857,382],"class_list":["post-8882","post","type-post","status-publish","format-standard","has-post-thumbnail","hentry","category-actualidad-informativa","tag-huaico","tag-luis-galarreta"],"_links":{"self":[{"href":"https:\/\/elinformanteperu.com\/index.php\/wp-json\/wp\/v2\/posts\/8882","targetHints":{"allow":["GET"]}}],"collection":[{"href":"https:\/\/elinformanteperu.com\/index.php\/wp-json\/wp\/v2\/posts"}],"about":[{"href":"https:\/\/elinformanteperu.com\/index.php\/wp-json\/wp\/v2\/types\/post"}],"author":[{"embeddable":true,"href":"https:\/\/elinformanteperu.com\/index.php\/wp-json\/wp\/v2\/users\/1"}],"replies":[{"embeddable":true,"href":"https:\/\/elinformanteperu.com\/index.php\/wp-json\/wp\/v2\/comments?post=8882"}],"version-history":[{"count":1,"href":"https:\/\/elinformanteperu.com\/index.php\/wp-json\/wp\/v2\/posts\/8882\/revisions"}],"predecessor-version":[{"id":8883,"href":"https:\/\/elinformanteperu.com\/index.php\/wp-json\/wp\/v2\/posts\/8882\/revisions\/8883"}],"wp:featuredmedia":[{"embeddable":true,"href":"https:\/\/elinformanteperu.com\/index.php\/wp-json\/wp\/v2\/media\/6827"}],"wp:attachment":[{"href":"https:\/\/elinformanteperu.com\/index.php\/wp-json\/wp\/v2\/media?parent=8882"}],"wp:term":[{"taxonomy":"category","embeddable":true,"href":"https:\/\/elinformanteperu.com\/index.php\/wp-json\/wp\/v2\/categories?post=8882"},{"taxonomy":"post_tag","embeddable":true,"href":"https:\/\/elinformanteperu.com\/index.php\/wp-json\/wp\/v2\/tags?post=8882"}],"curies":[{"name":"wp","href":"https:\/\/api.w.org\/{rel}","templated":true}]}}