{"id":8880,"date":"2017-04-25T01:10:33","date_gmt":"2017-04-25T06:10:33","guid":{"rendered":"http:\/\/elinformanteperu.com\/?p=8880"},"modified":"2017-04-25T01:10:33","modified_gmt":"2017-04-25T06:10:33","slug":"desde-mayo-construiran-mas-de-13-000-casas-temporales-para-damnificados","status":"publish","type":"post","link":"https:\/\/elinformanteperu.com\/index.php\/2017\/04\/25\/desde-mayo-construiran-mas-de-13-000-casas-temporales-para-damnificados\/","title":{"rendered":"Desde mayo construir\u00e1n m\u00e1s de 13 000 casas temporales para damnificados"},"content":{"rendered":"<p><span style=\"color: #000000;\"><strong>A partir de inicios de mayo, se construir\u00e1n m\u00e1s de 13 000 viviendas temporales para las familias que resultaron damnificadas por los huaicos e inundaciones<\/strong><\/span><\/p>\n<p><span style=\"color: #000000;\"><strong>Lima, 24 Abril 2017, (ANDINA).-<\/strong> A partir de inicios de mayo, se construir\u00e1n m\u00e1s de 13 000 viviendas temporales para las familias que resultaron damnificadas por los huaicos e inundaciones, inform\u00f3 hoy el titular del Consejo de Ministros, Fernando Zavala.<\/span><\/p>\n<p><span style=\"color: #000000;\">Durante la presentaci\u00f3n del proyecto de Reconstrucci\u00f3n con Cambios, explic\u00f3 que las viviendas temporales forman parte de la actual etapa de rehabilitaci\u00f3n tras la emergencia vivida en las \u00faltimas semanas.<\/span><\/p>\n<p><span style=\"color: #000000;\">Seg\u00fan detall\u00f3, la rehabilitaci\u00f3n comprende el catrastro de los da\u00f1os en vivienda con personal en campo, la identificaci\u00f3n de las zonas de riesgo mitigable y no mitigable, y la selecci\u00f3n y acondicionamiento de los terrenos donde se levantar\u00e1n las unidades de viviendas temporales.<\/span><\/p>\n<p><span style=\"color: #000000;\">Zavala record\u00f3 que esta etapa comprende la atenci\u00f3n de las necesidades m\u00ednimas de los damnificados y afectados, consiguiendo condiciones b\u00e1sicas para la posterior etapa de reconstrucci\u00f3n. Sus componentes son vivienda, salud, educaci\u00f3n, trabajo y v\u00edas y caminos.<\/span><\/p>\n<p><span style=\"color: #000000;\">En cuanto a salud, destac\u00f3 la decisi\u00f3n de otorgarle prioridad m\u00e1xima, as\u00ed como la realizaci\u00f3n de 680, 000 fumigaciones dentro de las viviendas, la instalaci\u00f3n de tres hospitales de campa\u00f1a, y la entrega de 17,000 kits de aseo, adem\u00e1s de brindar alimentaci\u00f3n a damnificados, transfiriendo para ello recursos adicionales a los gobiernos regionales.<\/span><\/p>\n<p><span style=\"color: #000000;\">Respecto a educaci\u00f3n, remarc\u00f3 que el 99 % de escolares afectados volvi\u00f3 a las aulas, y en cuanto a trabajo mencion\u00f3 que habr\u00e1 m\u00e1s de 20, 000 empleos temporales en las zonas afectadas.<\/span><\/p>\n<p><span style=\"color: #000000;\">Al mencionar el aspecto de las v\u00edas, dijo que es clave la recuperaci\u00f3n de la transitabilidad y el objetivo es que los 3 ,231 kil\u00f3metros afectados sean recuperados antes del 5 de junio. \u00abHemos avanzado en cerca del 25 % de transitabilidad\u00bb, remarc\u00f3.<\/span><\/p>\n","protected":false},"excerpt":{"rendered":"<p>A partir de inicios de mayo, se construir\u00e1n m\u00e1s de 13 000 viviendas temporales para las familias que resultaron damnificadas por los huaicos e inundaciones Lima, 24 Abril 2017, (ANDINA).- A partir de inicios de mayo, se construir\u00e1n m\u00e1s de 13 000 viviendas temporales para las familias que resultaron damnificadas por los huaicos e inundaciones, [&hellip;]<\/p>\n","protected":false},"author":1,"featured_media":6247,"comment_status":"open","ping_status":"open","sticky":false,"template":"","format":"standard","meta":{"rop_custom_images_group":[],"rop_custom_messages_group":[],"rop_publish_now":"initial","rop_publish_now_accounts":[],"rop_publish_now_history":[],"rop_publish_now_status":"pending","footnotes":""},"categories":[5],"tags":[75,857],"class_list":["post-8880","post","type-post","status-publish","format-standard","has-post-thumbnail","hentry","category-actualidad-informativa","tag-fernando-zavala","tag-huaico"],"_links":{"self":[{"href":"https:\/\/elinformanteperu.com\/index.php\/wp-json\/wp\/v2\/posts\/8880","targetHints":{"allow":["GET"]}}],"collection":[{"href":"https:\/\/elinformanteperu.com\/index.php\/wp-json\/wp\/v2\/posts"}],"about":[{"href":"https:\/\/elinformanteperu.com\/index.php\/wp-json\/wp\/v2\/types\/post"}],"author":[{"embeddable":true,"href":"https:\/\/elinformanteperu.com\/index.php\/wp-json\/wp\/v2\/users\/1"}],"replies":[{"embeddable":true,"href":"https:\/\/elinformanteperu.com\/index.php\/wp-json\/wp\/v2\/comments?post=8880"}],"version-history":[{"count":1,"href":"https:\/\/elinformanteperu.com\/index.php\/wp-json\/wp\/v2\/posts\/8880\/revisions"}],"predecessor-version":[{"id":8881,"href":"https:\/\/elinformanteperu.com\/index.php\/wp-json\/wp\/v2\/posts\/8880\/revisions\/8881"}],"wp:featuredmedia":[{"embeddable":true,"href":"https:\/\/elinformanteperu.com\/index.php\/wp-json\/wp\/v2\/media\/6247"}],"wp:attachment":[{"href":"https:\/\/elinformanteperu.com\/index.php\/wp-json\/wp\/v2\/media?parent=8880"}],"wp:term":[{"taxonomy":"category","embeddable":true,"href":"https:\/\/elinformanteperu.com\/index.php\/wp-json\/wp\/v2\/categories?post=8880"},{"taxonomy":"post_tag","embeddable":true,"href":"https:\/\/elinformanteperu.com\/index.php\/wp-json\/wp\/v2\/tags?post=8880"}],"curies":[{"name":"wp","href":"https:\/\/api.w.org\/{rel}","templated":true}]}}