{"id":88764,"date":"2020-12-14T21:23:17","date_gmt":"2020-12-15T02:23:17","guid":{"rendered":"https:\/\/elinformanteperu.com\/?p=88764"},"modified":"2020-12-14T23:29:29","modified_gmt":"2020-12-15T04:29:29","slug":"chiclayo-define-su-programa-de-celebraciones-por-el-bicentenario-de-la-independencia","status":"publish","type":"post","link":"https:\/\/elinformanteperu.com\/index.php\/2020\/12\/14\/chiclayo-define-su-programa-de-celebraciones-por-el-bicentenario-de-la-independencia\/","title":{"rendered":"Chiclayo define su programa de celebraciones por el bicentenario de la Independencia"},"content":{"rendered":"<p><strong><span style=\"color: #000000;\">Entre las actividades, destaca una romer\u00eda a la tumba del pr\u00f3cer lambayecano Jos\u00e9 Leonardo Ortiz<\/span><\/strong><\/p>\n<p><span style=\"color: #000000;\"><strong>Lima, 14 Diciembre 2020, (ANDINA).-<\/strong> La municipalidad provincial de Chiclayo present\u00f3 su programa de actividades y celebraciones por el bicentenario de la Independencia del Per\u00fa, entre las que destaca una romer\u00eda a la tumba de Jos\u00e9 Leonardo Ortiz, pr\u00f3cer lambayecano y gestor del primer grito libertario en el norte del Per\u00fa.<\/span><\/p>\n<p><span style=\"color: #000000;\">El gobierno local elabor\u00f3 este calendario por medio de las subgerencias de Turismo y Cultura, Educaci\u00f3n y Participaci\u00f3n Vecinal.<\/span><\/p>\n<p><span style=\"color: #000000;\">La romer\u00eda en memoria de Jos\u00e9 Leonardo Ortiz est\u00e1 programada para el lunes 28 de diciembre. El s\u00e1bado 26 se realizar\u00e1 la Cabalgata Bicentenario para contar la historia de los militares que \u2013montados en caballos de paso\u2013declararon la independencia en Lambayeque el 27 de diciembre de 1820.<\/span><\/p>\n<p><span style=\"color: #000000;\">Este evento se realizar\u00e1 en alianza entre la municipalidad provincial de Lambayeque y la Asociaci\u00f3n de Criadores de Caballos de Paso de Chiclayo.<\/span><\/p>\n<p><strong><span style=\"color: #000000;\">Tributo a Alfredo Jos\u00e9 Delgado<\/span><\/strong><\/p>\n<p><span style=\"color: #000000;\">Para el 29 de diciembre se ha programado la donaci\u00f3n a la ciudad de la m\u00e1quina de escribir con la que Alfredo Jos\u00e9 Delgado Bravo escribi\u00f3 el Himno de la Ciudad de Chiclayo, el mismo que, a pesar del paso del tiempo, contin\u00faa vigente y en la memoria de los chiclayanos.<\/span><\/p>\n<p><span style=\"color: #000000;\">El 30 de diciembre se exhibir\u00e1 la entrevista documental sobre las visiones y reflexiones del alcalde de Chiclayo de cara al Bicentenario, y se reconocer\u00e1 p\u00fablicamente a 12 vecinos de esta ciudad como &#8216;Vecinos Bicentenario&#8217;, por su aporte y contribuci\u00f3n al progreso y desarrollo de la provincia.<\/span><\/p>\n<p><span style=\"color: #000000;\">Otro de los eventos centrales, el 31 de diciembre, es la develaci\u00f3n de la placa conmemorativa por las celebraciones del Bicentenario en el palacio municipal de Chiclayo, as\u00ed como una misa y Te Deum y una ofrenda a la tierra.<\/span><\/p>\n","protected":false},"excerpt":{"rendered":"<p>Entre las actividades, destaca una romer\u00eda a la tumba del pr\u00f3cer lambayecano Jos\u00e9 Leonardo Ortiz Lima, 14 Diciembre 2020, (ANDINA).- La municipalidad provincial de Chiclayo present\u00f3 su programa de actividades y celebraciones por el bicentenario de la Independencia del Per\u00fa, entre las que destaca una romer\u00eda a la tumba de Jos\u00e9 Leonardo Ortiz, pr\u00f3cer lambayecano [&hellip;]<\/p>\n","protected":false},"author":1,"featured_media":88765,"comment_status":"open","ping_status":"open","sticky":false,"template":"","format":"standard","meta":{"rop_custom_images_group":[],"rop_custom_messages_group":[],"rop_publish_now":"initial","rop_publish_now_accounts":[],"rop_publish_now_history":[],"rop_publish_now_status":"pending","footnotes":""},"categories":[10],"tags":[3729,3925],"class_list":["post-88764","post","type-post","status-publish","format-standard","has-post-thumbnail","hentry","category-actualidad-municipal","tag-chiclayo","tag-municipalidad-provincial-de-chiclayo"],"_links":{"self":[{"href":"https:\/\/elinformanteperu.com\/index.php\/wp-json\/wp\/v2\/posts\/88764","targetHints":{"allow":["GET"]}}],"collection":[{"href":"https:\/\/elinformanteperu.com\/index.php\/wp-json\/wp\/v2\/posts"}],"about":[{"href":"https:\/\/elinformanteperu.com\/index.php\/wp-json\/wp\/v2\/types\/post"}],"author":[{"embeddable":true,"href":"https:\/\/elinformanteperu.com\/index.php\/wp-json\/wp\/v2\/users\/1"}],"replies":[{"embeddable":true,"href":"https:\/\/elinformanteperu.com\/index.php\/wp-json\/wp\/v2\/comments?post=88764"}],"version-history":[{"count":1,"href":"https:\/\/elinformanteperu.com\/index.php\/wp-json\/wp\/v2\/posts\/88764\/revisions"}],"predecessor-version":[{"id":88766,"href":"https:\/\/elinformanteperu.com\/index.php\/wp-json\/wp\/v2\/posts\/88764\/revisions\/88766"}],"wp:featuredmedia":[{"embeddable":true,"href":"https:\/\/elinformanteperu.com\/index.php\/wp-json\/wp\/v2\/media\/88765"}],"wp:attachment":[{"href":"https:\/\/elinformanteperu.com\/index.php\/wp-json\/wp\/v2\/media?parent=88764"}],"wp:term":[{"taxonomy":"category","embeddable":true,"href":"https:\/\/elinformanteperu.com\/index.php\/wp-json\/wp\/v2\/categories?post=88764"},{"taxonomy":"post_tag","embeddable":true,"href":"https:\/\/elinformanteperu.com\/index.php\/wp-json\/wp\/v2\/tags?post=88764"}],"curies":[{"name":"wp","href":"https:\/\/api.w.org\/{rel}","templated":true}]}}