{"id":88730,"date":"2020-12-14T18:34:14","date_gmt":"2020-12-14T23:34:14","guid":{"rendered":"https:\/\/elinformanteperu.com\/?p=88730"},"modified":"2020-12-14T18:34:14","modified_gmt":"2020-12-14T23:34:14","slug":"sofia-franco-protagoniza-accidente-de-transito-y-prueba-de-alcoholemia-arroja-positivo","status":"publish","type":"post","link":"https:\/\/elinformanteperu.com\/index.php\/2020\/12\/14\/sofia-franco-protagoniza-accidente-de-transito-y-prueba-de-alcoholemia-arroja-positivo\/","title":{"rendered":"Sof\u00eda Franco protagoniza accidente de tr\u00e1nsito y prueba de alcoholemia arroja positivo"},"content":{"rendered":"<p><strong><span style=\"color: #000000;\">Alcalde de la Molina, \u00c1lvaro de la Paz de la Barra, confirma que exconductora cumplir\u00e1 sanciones generadas del caso<\/span><\/strong><\/p>\n<p><span style=\"color: #000000;\"><strong>Lima, 14 Diciembre 2020, (ANDINA).-<\/strong> La expresentadora de televisi\u00f3n Sof\u00eda Franco protagoniz\u00f3 un accidente de tr\u00e1nsito y se encuentra detenida en la comisar\u00eda de Santa Felicia, en La Molina. Los resultados del dosaje et\u00edlico dieron positivo, lo que evidencia que manejaba en estado de ebriedad.<\/span><\/p>\n<p><span style=\"color: #000000;\">El accidente ocurri\u00f3 ayer, pasadas las 10 de la noche, en la urbanizaci\u00f3n Santa Patricia en La Molina, cuando la exmodelo impact\u00f3 su camioneta contra otro en el que iban dos hombres. Tras el choque, intent\u00f3 escapar del lugar -seg\u00fan narraron testigos- y termin\u00f3 atropellando a un joven que hac\u00eda delivery.<\/span><\/p>\n<p><span style=\"color: #000000;\">El resultado cuantitativo del dosaje et\u00edlico fue de 1.8 gramos por litro de alcohol en la sangre. Cabe indicar que el l\u00edmite legal es de 0.5 gramos de alcohol. Franco permanece en la comisar\u00eda de Santa Felicia mientras duran las investigaciones.<\/span><\/p>\n<p><img fetchpriority=\"high\" decoding=\"async\" class=\"aligncenter size-full wp-image-88732\" src=\"https:\/\/elinformanteperu.com\/wp-content\/uploads\/2020\/12\/sofia-franco-choque-vehicular1.jpg\" alt=\"\" width=\"980\" height=\"528\" srcset=\"https:\/\/elinformanteperu.com\/wp-content\/uploads\/2020\/12\/sofia-franco-choque-vehicular1.jpg 980w, https:\/\/elinformanteperu.com\/wp-content\/uploads\/2020\/12\/sofia-franco-choque-vehicular1-300x162.jpg 300w, https:\/\/elinformanteperu.com\/wp-content\/uploads\/2020\/12\/sofia-franco-choque-vehicular1-768x414.jpg 768w\" sizes=\"(max-width: 980px) 100vw, 980px\" \/><\/p>\n<p><span style=\"color: #000000;\">\u00c1lvaro Paz de la Barra, actual alcalde de La Molina y su exesposo, lleg\u00f3 hasta la comisar\u00eda de Santa Felicia, donde brind\u00f3 unas escuetas declaraciones a la prensa.<\/span><\/p>\n<p><span style=\"color: #000000;\">\u201cHe venido a darle todo el apoyo, tenemos un hijo de 8 a\u00f1os. Ahorita me siento consternado sinceramente y pido las disculpas del caso. A la familia de Sofia, le digo que indistintamente de esta penosa separaci\u00f3n, estoy con ella. Tengo un hijo con ella y no quiero comentar m\u00e1s all\u00e1. Por eso pido disculpas a los agraviados. Estoy conmovido con lo ocurrido\u201d, se\u00f1al\u00f3.<\/span><\/p>\n<p><span style=\"color: #000000;\">Previamente, en un comunicado difundido en sus redes sociales, el burgomaestre coment\u00f3 que se encuentra separado de la exconductora de televisi\u00f3n desde hace un mes, tras una decisi\u00f3n de mutuo acuerdo. Refiri\u00f3 que Franco se ha comprometido a cumplir las sanciones que correspondan derivadas de este accidente.<\/span><\/p>\n<p><span style=\"color: #000000;\">\u201cLa se\u00f1ora Sofia Franco es la madre de mi hijo, hemos tenido una relaci\u00f3n de 9 a\u00f1os y hemos desarrollado v\u00ednculos de reciprocidad y afecto entre nuestras familias de origen. Sofia tiene mi respeto y consideraci\u00f3n, as\u00ed tambi\u00e9n su familia. Por tanto, pido a la comunidad, los medios de comunicaci\u00f3n y a la opini\u00f3n p\u00fablica se respete la vida personal y privada de ambos, ya que existe un menor de por medio, cuya estabilidad f\u00edsica y emocional nos incumbe y requiere nuestra atenci\u00f3n, protecci\u00f3n y asistencia\u201d, detall\u00f3 en el comunicado.<\/span><\/p>\n<p><iframe src=\"https:\/\/www.youtube-nocookie.com\/embed\/trqHpz-qrl4?controls=0\" width=\"520\" height=\"315\" frameborder=\"0\" allowfullscreen=\"allowfullscreen\"><\/iframe><\/p>\n<p><iframe src=\"https:\/\/www.youtube-nocookie.com\/embed\/gqoc3yeA2nc?controls=0\" width=\"520\" height=\"315\" frameborder=\"0\" allowfullscreen=\"allowfullscreen\"><span data-mce-type=\"bookmark\" style=\"display: inline-block; width: 0px; overflow: hidden; line-height: 0;\" class=\"mce_SELRES_start\">\ufeff<\/span><\/iframe><\/p>\n","protected":false},"excerpt":{"rendered":"<p>Alcalde de la Molina, \u00c1lvaro de la Paz de la Barra, confirma que exconductora cumplir\u00e1 sanciones generadas del caso Lima, 14 Diciembre 2020, (ANDINA).- La expresentadora de televisi\u00f3n Sof\u00eda Franco protagoniz\u00f3 un accidente de tr\u00e1nsito y se encuentra detenida en la comisar\u00eda de Santa Felicia, en La Molina. Los resultados del dosaje et\u00edlico dieron positivo, [&hellip;]<\/p>\n","protected":false},"author":1,"featured_media":88731,"comment_status":"open","ping_status":"open","sticky":false,"template":"","format":"standard","meta":{"rop_custom_images_group":[],"rop_custom_messages_group":[],"rop_publish_now":"initial","rop_publish_now_accounts":[],"rop_publish_now_history":[],"rop_publish_now_status":"pending","footnotes":""},"categories":[10,70,5745],"tags":[3994,3628,965,390],"class_list":["post-88730","post","type-post","status-publish","format-standard","has-post-thumbnail","hentry","category-actualidad-municipal","category-farandula","category-lo-ultimo","tag-alvaro-paz-de-la-barra","tag-la-molina","tag-municipalidad-de-la-molina","tag-sofia-franco"],"_links":{"self":[{"href":"https:\/\/elinformanteperu.com\/index.php\/wp-json\/wp\/v2\/posts\/88730","targetHints":{"allow":["GET"]}}],"collection":[{"href":"https:\/\/elinformanteperu.com\/index.php\/wp-json\/wp\/v2\/posts"}],"about":[{"href":"https:\/\/elinformanteperu.com\/index.php\/wp-json\/wp\/v2\/types\/post"}],"author":[{"embeddable":true,"href":"https:\/\/elinformanteperu.com\/index.php\/wp-json\/wp\/v2\/users\/1"}],"replies":[{"embeddable":true,"href":"https:\/\/elinformanteperu.com\/index.php\/wp-json\/wp\/v2\/comments?post=88730"}],"version-history":[{"count":1,"href":"https:\/\/elinformanteperu.com\/index.php\/wp-json\/wp\/v2\/posts\/88730\/revisions"}],"predecessor-version":[{"id":88733,"href":"https:\/\/elinformanteperu.com\/index.php\/wp-json\/wp\/v2\/posts\/88730\/revisions\/88733"}],"wp:featuredmedia":[{"embeddable":true,"href":"https:\/\/elinformanteperu.com\/index.php\/wp-json\/wp\/v2\/media\/88731"}],"wp:attachment":[{"href":"https:\/\/elinformanteperu.com\/index.php\/wp-json\/wp\/v2\/media?parent=88730"}],"wp:term":[{"taxonomy":"category","embeddable":true,"href":"https:\/\/elinformanteperu.com\/index.php\/wp-json\/wp\/v2\/categories?post=88730"},{"taxonomy":"post_tag","embeddable":true,"href":"https:\/\/elinformanteperu.com\/index.php\/wp-json\/wp\/v2\/tags?post=88730"}],"curies":[{"name":"wp","href":"https:\/\/api.w.org\/{rel}","templated":true}]}}