{"id":88727,"date":"2020-12-14T18:27:10","date_gmt":"2020-12-14T23:27:10","guid":{"rendered":"https:\/\/elinformanteperu.com\/?p=88727"},"modified":"2020-12-14T18:27:10","modified_gmt":"2020-12-14T23:27:10","slug":"harrison-ford-volvera-a-ser-indiana-jones-por-ultima-vez","status":"publish","type":"post","link":"https:\/\/elinformanteperu.com\/index.php\/2020\/12\/14\/harrison-ford-volvera-a-ser-indiana-jones-por-ultima-vez\/","title":{"rendered":"Harrison Ford volver\u00e1 a ser Indiana Jones por \u00faltima vez"},"content":{"rendered":"<p><span style=\"color: #000000;\"><strong>Lima, 14 Diciembre 2020, (ANDINA).-<\/strong> Harrison Ford, de 78 a\u00f1os, volver\u00e1 a ponerse el emblem\u00e1tico sombrero de Indiana Jones para la quinta y \u00faltima entrega de las aventuras del intr\u00e9pido arque\u00f3logo, que deben llegar a los cines en 2022, seg\u00fan anunci\u00f3 Disney desatando la alegr\u00eda de sus fans en las redes sociales.<\/span><\/p>\n<p><span style=\"color: #000000;\">\u00abEstamos en pre-producci\u00f3n para el pr\u00f3ximo y \u00faltimo episodio de Indiana Jones (&#8230;) Y, por supuesto, el propio Indy, Harrison Ford, estar\u00e1 de vuelta para terminar el viaje de este personaje ic\u00f3nico\u00bb, afirm\u00f3 la presidenta de Lucasfilm, Kathleen Kennedy, durante una conferencia organizada el jueves por el grupo Disney para sus inversores.<\/span><\/p>\n<p><span style=\"color: #000000;\">A diferencia de los episodios anteriores, Steven Spielberg -quien se preve\u00eda inicialmente como realizador pero relegado ahora a la producci\u00f3n- ya no estar\u00e1 detr\u00e1s de la c\u00e1mara. Su lugar lo ocupar\u00e1 James Mangold (Logan, Le Mans 66), que ostentar\u00e1 los mandos de la quinta entrega de la saga, precis\u00f3 Kennedy.<\/span><\/p>\n<p><span style=\"color: #000000;\">El rodaje debe arrancar en la primavera de 2021, mientras que el estreno est\u00e1 previsto para julio 2022.<\/span><\/p>\n<p><img fetchpriority=\"high\" decoding=\"async\" class=\"aligncenter size-full wp-image-24641\" src=\"https:\/\/elinformanteperu.com\/wp-content\/uploads\/2018\/04\/indiana-jones.jpg\" alt=\"\" width=\"800\" height=\"459\" srcset=\"https:\/\/elinformanteperu.com\/wp-content\/uploads\/2018\/04\/indiana-jones.jpg 800w, https:\/\/elinformanteperu.com\/wp-content\/uploads\/2018\/04\/indiana-jones-300x172.jpg 300w, https:\/\/elinformanteperu.com\/wp-content\/uploads\/2018\/04\/indiana-jones-768x441.jpg 768w, https:\/\/elinformanteperu.com\/wp-content\/uploads\/2018\/04\/indiana-jones-128x73.jpg 128w, https:\/\/elinformanteperu.com\/wp-content\/uploads\/2018\/04\/indiana-jones-32x18.jpg 32w\" sizes=\"(max-width: 800px) 100vw, 800px\" \/><\/p>\n","protected":false},"excerpt":{"rendered":"<p>Lima, 14 Diciembre 2020, (ANDINA).- Harrison Ford, de 78 a\u00f1os, volver\u00e1 a ponerse el emblem\u00e1tico sombrero de Indiana Jones para la quinta y \u00faltima entrega de las aventuras del intr\u00e9pido arque\u00f3logo, que deben llegar a los cines en 2022, seg\u00fan anunci\u00f3 Disney desatando la alegr\u00eda de sus fans en las redes sociales. \u00abEstamos en pre-producci\u00f3n [&hellip;]<\/p>\n","protected":false},"author":1,"featured_media":88728,"comment_status":"open","ping_status":"open","sticky":false,"template":"","format":"standard","meta":{"rop_custom_images_group":[],"rop_custom_messages_group":[],"rop_publish_now":"initial","rop_publish_now_accounts":[],"rop_publish_now_history":[],"rop_publish_now_status":"pending","footnotes":""},"categories":[7],"tags":[],"class_list":["post-88727","post","type-post","status-publish","format-standard","has-post-thumbnail","hentry","category-butaca"],"_links":{"self":[{"href":"https:\/\/elinformanteperu.com\/index.php\/wp-json\/wp\/v2\/posts\/88727","targetHints":{"allow":["GET"]}}],"collection":[{"href":"https:\/\/elinformanteperu.com\/index.php\/wp-json\/wp\/v2\/posts"}],"about":[{"href":"https:\/\/elinformanteperu.com\/index.php\/wp-json\/wp\/v2\/types\/post"}],"author":[{"embeddable":true,"href":"https:\/\/elinformanteperu.com\/index.php\/wp-json\/wp\/v2\/users\/1"}],"replies":[{"embeddable":true,"href":"https:\/\/elinformanteperu.com\/index.php\/wp-json\/wp\/v2\/comments?post=88727"}],"version-history":[{"count":1,"href":"https:\/\/elinformanteperu.com\/index.php\/wp-json\/wp\/v2\/posts\/88727\/revisions"}],"predecessor-version":[{"id":88729,"href":"https:\/\/elinformanteperu.com\/index.php\/wp-json\/wp\/v2\/posts\/88727\/revisions\/88729"}],"wp:featuredmedia":[{"embeddable":true,"href":"https:\/\/elinformanteperu.com\/index.php\/wp-json\/wp\/v2\/media\/88728"}],"wp:attachment":[{"href":"https:\/\/elinformanteperu.com\/index.php\/wp-json\/wp\/v2\/media?parent=88727"}],"wp:term":[{"taxonomy":"category","embeddable":true,"href":"https:\/\/elinformanteperu.com\/index.php\/wp-json\/wp\/v2\/categories?post=88727"},{"taxonomy":"post_tag","embeddable":true,"href":"https:\/\/elinformanteperu.com\/index.php\/wp-json\/wp\/v2\/tags?post=88727"}],"curies":[{"name":"wp","href":"https:\/\/api.w.org\/{rel}","templated":true}]}}