{"id":8782,"date":"2017-04-23T12:56:41","date_gmt":"2017-04-23T17:56:41","guid":{"rendered":"http:\/\/elinformanteperu.com\/?p=8782"},"modified":"2017-04-23T12:57:26","modified_gmt":"2017-04-23T17:57:26","slug":"mario-hart-y-korina-rivadeneira-se-casaron","status":"publish","type":"post","link":"https:\/\/elinformanteperu.com\/index.php\/2017\/04\/23\/mario-hart-y-korina-rivadeneira-se-casaron\/","title":{"rendered":"Mario Hart y Korina Rivadeneira \u00a1Se casaron!"},"content":{"rendered":"<p><strong><span style=\"color: #000000;\">Mario Hart y Korina Rivadeneira realizaron su uni\u00f3n matrimonial el s\u00e1bado 22 de abril junto a todos sus compa\u00f1eros de reality, amigos y familiares.<\/span><\/strong><\/p>\n<p><span style=\"color: #000000;\"><strong>Lima, 22 Abril 2017, (El Informante Per\u00fa).-<\/strong> Sorprendieron. Mario Hart y Korina Rivadeneira realizaron su uni\u00f3n matrimonial el s\u00e1bado 22 de abril junto a todos sus compa\u00f1eros de reality que llegaron hasta Huaral. La fiesta se vivi\u00f3 a lo grande junto a amigos y familiares.<\/span><\/p>\n<p><span style=\"color: #000000;\">\u2018Me cas\u00e9 \u00fanicamente por amor\u2019, dijo Mario Hart sobre su inesperada boda civil con Korina Rivadeneira y asegur\u00f3 que est\u00e1n \u2018felices y enamorados\u2019 desmintiendo los rumores de que su sorpresiva boda fue para evitar la deportaci\u00f3n de Korina Rivadeneira..<\/span><\/p>\n<p><span style=\"color: #000000;\">Por su parte, Korina cont\u00f3: \u00abJam\u00e1s pens\u00e9 que me iba a casar\u00bb.<\/span><\/p>\n<p><span style=\"color: #000000;\">La &#8216;guerrera&#8217; afirm\u00f3 sentirse feliz y enamorada. \u00abAhora, cuando Mario me ha pedido el mundo me ha dado vueltas y me siento incre\u00edblemente bien a su lado, as\u00ed que obviamente le iba a dar el s\u00ed\u00bb.<\/span><\/p>\n<p><span style=\"color: #000000;\">Por su parte, Mario Hart, indic\u00f3 que le cost\u00f3 mucho conquistar el coraz\u00f3n de la venezolana que estuvo acompa\u00f1ada por su abuela, en tanto que recibi\u00f3 un video de saludo de sus familiares en Venezuela.<\/span><\/p>\n<p><span style=\"color: #000000;\">Luego de darse el s\u00ed en Huaral, los felices esposos tuvieron su boda simb\u00f3lica rodeados de sus amigos en una casa de playa ubicada en La Encantada, Chorrillos.<\/span><\/p>\n<p><span style=\"color: #000000;\">Posteriormente ambos se presentaron ante la prensa, pero no respondieron ninguna pregunta sobre el motivo real de su pronta boda y que hayan consignado en el edicto matrimonial el mismo domicilio que dio \u00cdtalo Villaseca cuando se cas\u00f3 con Greissy Ulloa.<\/span><\/p>\n<p><iframe src=\"https:\/\/www.youtube-nocookie.com\/embed\/-09TSwblpsw?rel=0&amp;controls=0&amp;showinfo=0\" width=\"560\" height=\"315\" frameborder=\"0\" allowfullscreen=\"allowfullscreen\"><\/iframe><\/p>\n","protected":false},"excerpt":{"rendered":"<p>Mario Hart y Korina Rivadeneira realizaron su uni\u00f3n matrimonial el s\u00e1bado 22 de abril junto a todos sus compa\u00f1eros de reality, amigos y familiares. Lima, 22 Abril 2017, (El Informante Per\u00fa).- Sorprendieron. Mario Hart y Korina Rivadeneira realizaron su uni\u00f3n matrimonial el s\u00e1bado 22 de abril junto a todos sus compa\u00f1eros de reality que llegaron [&hellip;]<\/p>\n","protected":false},"author":1,"featured_media":8783,"comment_status":"open","ping_status":"open","sticky":false,"template":"","format":"standard","meta":{"rop_custom_images_group":[],"rop_custom_messages_group":[],"rop_publish_now":"initial","rop_publish_now_accounts":[],"rop_publish_now_history":[],"rop_publish_now_status":"pending","footnotes":""},"categories":[70],"tags":[258,359],"class_list":["post-8782","post","type-post","status-publish","format-standard","has-post-thumbnail","hentry","category-farandula","tag-korina-rivadeneira","tag-mario-hart"],"_links":{"self":[{"href":"https:\/\/elinformanteperu.com\/index.php\/wp-json\/wp\/v2\/posts\/8782","targetHints":{"allow":["GET"]}}],"collection":[{"href":"https:\/\/elinformanteperu.com\/index.php\/wp-json\/wp\/v2\/posts"}],"about":[{"href":"https:\/\/elinformanteperu.com\/index.php\/wp-json\/wp\/v2\/types\/post"}],"author":[{"embeddable":true,"href":"https:\/\/elinformanteperu.com\/index.php\/wp-json\/wp\/v2\/users\/1"}],"replies":[{"embeddable":true,"href":"https:\/\/elinformanteperu.com\/index.php\/wp-json\/wp\/v2\/comments?post=8782"}],"version-history":[{"count":2,"href":"https:\/\/elinformanteperu.com\/index.php\/wp-json\/wp\/v2\/posts\/8782\/revisions"}],"predecessor-version":[{"id":8785,"href":"https:\/\/elinformanteperu.com\/index.php\/wp-json\/wp\/v2\/posts\/8782\/revisions\/8785"}],"wp:featuredmedia":[{"embeddable":true,"href":"https:\/\/elinformanteperu.com\/index.php\/wp-json\/wp\/v2\/media\/8783"}],"wp:attachment":[{"href":"https:\/\/elinformanteperu.com\/index.php\/wp-json\/wp\/v2\/media?parent=8782"}],"wp:term":[{"taxonomy":"category","embeddable":true,"href":"https:\/\/elinformanteperu.com\/index.php\/wp-json\/wp\/v2\/categories?post=8782"},{"taxonomy":"post_tag","embeddable":true,"href":"https:\/\/elinformanteperu.com\/index.php\/wp-json\/wp\/v2\/tags?post=8782"}],"curies":[{"name":"wp","href":"https:\/\/api.w.org\/{rel}","templated":true}]}}