{"id":8770,"date":"2017-04-21T22:27:48","date_gmt":"2017-04-22T03:27:48","guid":{"rendered":"http:\/\/elinformanteperu.com\/?p=8770"},"modified":"2017-04-21T22:27:48","modified_gmt":"2017-04-22T03:27:48","slug":"presidente-de-la-corte-superior-del-callao-defiende-independencia-de-este-poder-del-estado","status":"publish","type":"post","link":"https:\/\/elinformanteperu.com\/index.php\/2017\/04\/21\/presidente-de-la-corte-superior-del-callao-defiende-independencia-de-este-poder-del-estado\/","title":{"rendered":"Presidente de la Corte Superior del Callao defiende independencia de este poder del Estado"},"content":{"rendered":"<p><span style=\"color: #000000;\"><strong>El Presidente de la Corte Superior de Justicia del Callao, Walter Benigno Rios Montalvo, defendi\u00f3 la independencia de sus magistrados.<\/strong><\/span><\/p>\n<p><span style=\"color: #000000;\"><strong>Lima, 20 Abril 2017, (El Informante Per\u00fa).<\/strong>&#8211; El Presidente de la Corte Superior de Justicia del Callao, Walter Benigno Rios Montalvo, defendi\u00f3 la independencia de sus magistrados y rechaz\u00f3 los calificativos que afectan la buena imagen de este Poder del Estado por casos de car\u00e1cter pol\u00edtico.<\/span><\/p>\n<p><span style=\"color: #000000;\">Se\u00f1al\u00f3 que se han citado nombres de jueces que no han intervenido en un reciente caso judicial medi\u00e1tico afectando su imagen y adem\u00e1s descart\u00f3 que el Poder Judicial est\u00e9 manejado por ciertos intereses o personajes, por cuanto se act\u00faa en base a evidencias e investigaciones fundamentadas.<\/span><\/p>\n<p><span style=\"color: #000000;\">Indic\u00f3\u00a0que existe informaci\u00f3n tergiversada y carente de sustento probatorio que pretende desestabilizar el sistema de justicia e hizo alusi\u00f3n a las palabras que dijera el Presidente del Poder Judicial en su discurso de apertura del A\u00f1o Judicial 2017 \u201cLos Jueces no resolvemos por votos, los Jueces resolvemos en base a pruebas y en estricto respeto a un debido proceso\u201d.<\/span><\/p>\n<p><strong><span style=\"color: #000000;\">Los 100 d\u00edas de gesti\u00f3n<\/span><\/strong><\/p>\n<p><span style=\"color: #000000;\">En otro momento, Rios Montalvo, hizo hincapi\u00e9 en los logros obtenidos en sus primeros 100 d\u00edas de gesti\u00f3n, como la promoci\u00f3n de auxiliares jurisdiccionales en el cargo de jueces supernumerarios en base a m\u00e9ritos, especializaci\u00f3n y est\u00e1ndares \u00e9ticos.<\/span><\/p>\n<p><span style=\"color: #000000;\">Inform\u00f3 que se ha acondicionado el Juzgado de Paz Letrado ubicado en la Comisar\u00eda Alipio Ponce que hasta hace unas semanas se encontraba en estado de hacinamiento; se implement\u00f3 el Centro de Retenci\u00f3n Transitorio \u2013 Cedert, un espacio propicio para alcanzas una justicia restaurativa para adolescentes en conflicto con la ley penal.<\/span><\/p>\n<p><span style=\"color: #000000;\">Dijo adem\u00e1s que se culmin\u00f3 la instalaci\u00f3n de la sub estaci\u00f3n el\u00e9ctrica en la nueva sede institucional para poder utilizar todos los espacios inactivos en dicho recinto; tambi\u00e9n inform\u00f3 que se ha reordenado la cantidad de personal asignado a los \u00f3rganos jurisdiccionales a fin de hacer una distribuci\u00f3n equitativa en los juzgados.<\/span><\/p>\n<p><span style=\"color: #000000;\">Finalmente, mencion\u00f3 que se han realizado 13 eventos acad\u00e9micos con expositores nacionales y extranjeros de Francia, Brasil, B\u00e9lgica, Venezuela con un total de 1176 participantes.<\/span><\/p>\n<p><strong><span style=\"color: #000000;\">Reconocimiento\u00a0<\/span><\/strong><\/p>\n<p><img fetchpriority=\"high\" decoding=\"async\" class=\"size-full wp-image-8772 aligncenter\" src=\"http:\/\/elinformanteperu.com\/wp-content\/uploads\/2017\/04\/pj-callao2.jpg\" alt=\"\" width=\"957\" height=\"638\" srcset=\"https:\/\/elinformanteperu.com\/wp-content\/uploads\/2017\/04\/pj-callao2.jpg 957w, https:\/\/elinformanteperu.com\/wp-content\/uploads\/2017\/04\/pj-callao2-300x200.jpg 300w, https:\/\/elinformanteperu.com\/wp-content\/uploads\/2017\/04\/pj-callao2-768x512.jpg 768w, https:\/\/elinformanteperu.com\/wp-content\/uploads\/2017\/04\/pj-callao2-128x85.jpg 128w, https:\/\/elinformanteperu.com\/wp-content\/uploads\/2017\/04\/pj-callao2-32x21.jpg 32w\" sizes=\"(max-width: 957px) 100vw, 957px\" \/><span style=\"color: #000000;\">En la sesi\u00f3n solemne por el aniversario de la Corte chalaca, el titular de la Corte Superior del Callao, Walter Rios Montalvo, brind\u00f3 un reconocimiento especial a la trayectoria profesional y acad\u00e9mica del magistrado C\u00e9sar Jos\u00e9 Hinostroza Pariachi, quien fue Juez Superior del Callao y luego, demostrando su gran capacidad profesional, logr\u00f3 su nombramiento como Juez Supremo Titular.<\/span><\/p>\n<p><span style=\"color: #000000;\">En dicho acto, el magistrado supremo respald\u00f3 las palabras dichas por el titular de la Corte del Callao, en cuanto a la independencia de los jueces y de otro lado, agradeci\u00f3 la distinci\u00f3n otorgada y expres\u00f3 su identificaci\u00f3n con este Distrito Judicial.<\/span><\/p>\n<p><span style=\"color: #000000;\">En la ceremonia estuvieron presentes el congresista Francisco Villavicenciao C\u00e1rdenas; el magistrado integrante del Consejo Ejecutivo del Poder Judicial, Augusto Ruidias Farf\u00e1n; la Presidenta de la Corte Superior de Justicia de Ventanilla, Olga Inga Michui; el Presidente de la Junta de Fiscales Superiores, Roberto Lozada Iba\u00f1ez; el jefe de la Regi\u00f3n Policial, Jos\u00e9 Figueroa Gonz\u00e1les; altas autoridades de la Marina de Guerra del Per\u00fa, Polic\u00eda Nacional, as\u00ed como de instituciones p\u00fablicas y sociedad civil.<\/span><\/p>\n<p><img decoding=\"async\" class=\"size-full wp-image-8773 aligncenter\" src=\"http:\/\/elinformanteperu.com\/wp-content\/uploads\/2017\/04\/pj-callao1.jpg\" alt=\"\" width=\"957\" height=\"638\" srcset=\"https:\/\/elinformanteperu.com\/wp-content\/uploads\/2017\/04\/pj-callao1.jpg 957w, https:\/\/elinformanteperu.com\/wp-content\/uploads\/2017\/04\/pj-callao1-300x200.jpg 300w, https:\/\/elinformanteperu.com\/wp-content\/uploads\/2017\/04\/pj-callao1-768x512.jpg 768w, https:\/\/elinformanteperu.com\/wp-content\/uploads\/2017\/04\/pj-callao1-128x85.jpg 128w, https:\/\/elinformanteperu.com\/wp-content\/uploads\/2017\/04\/pj-callao1-32x21.jpg 32w\" sizes=\"(max-width: 957px) 100vw, 957px\" \/><\/p>\n","protected":false},"excerpt":{"rendered":"<p>El Presidente de la Corte Superior de Justicia del Callao, Walter Benigno Rios Montalvo, defendi\u00f3 la independencia de sus magistrados. Lima, 20 Abril 2017, (El Informante Per\u00fa).&#8211; El Presidente de la Corte Superior de Justicia del Callao, Walter Benigno Rios Montalvo, defendi\u00f3 la independencia de sus magistrados y rechaz\u00f3 los calificativos que afectan la buena [&hellip;]<\/p>\n","protected":false},"author":1,"featured_media":8771,"comment_status":"open","ping_status":"open","sticky":false,"template":"","format":"standard","meta":{"rop_custom_images_group":[],"rop_custom_messages_group":[],"rop_publish_now":"initial","rop_publish_now_accounts":[],"rop_publish_now_history":[],"rop_publish_now_status":"pending","footnotes":""},"categories":[5],"tags":[487],"class_list":["post-8770","post","type-post","status-publish","format-standard","has-post-thumbnail","hentry","category-actualidad-informativa","tag-poder-judicial-callao"],"_links":{"self":[{"href":"https:\/\/elinformanteperu.com\/index.php\/wp-json\/wp\/v2\/posts\/8770","targetHints":{"allow":["GET"]}}],"collection":[{"href":"https:\/\/elinformanteperu.com\/index.php\/wp-json\/wp\/v2\/posts"}],"about":[{"href":"https:\/\/elinformanteperu.com\/index.php\/wp-json\/wp\/v2\/types\/post"}],"author":[{"embeddable":true,"href":"https:\/\/elinformanteperu.com\/index.php\/wp-json\/wp\/v2\/users\/1"}],"replies":[{"embeddable":true,"href":"https:\/\/elinformanteperu.com\/index.php\/wp-json\/wp\/v2\/comments?post=8770"}],"version-history":[{"count":1,"href":"https:\/\/elinformanteperu.com\/index.php\/wp-json\/wp\/v2\/posts\/8770\/revisions"}],"predecessor-version":[{"id":8774,"href":"https:\/\/elinformanteperu.com\/index.php\/wp-json\/wp\/v2\/posts\/8770\/revisions\/8774"}],"wp:featuredmedia":[{"embeddable":true,"href":"https:\/\/elinformanteperu.com\/index.php\/wp-json\/wp\/v2\/media\/8771"}],"wp:attachment":[{"href":"https:\/\/elinformanteperu.com\/index.php\/wp-json\/wp\/v2\/media?parent=8770"}],"wp:term":[{"taxonomy":"category","embeddable":true,"href":"https:\/\/elinformanteperu.com\/index.php\/wp-json\/wp\/v2\/categories?post=8770"},{"taxonomy":"post_tag","embeddable":true,"href":"https:\/\/elinformanteperu.com\/index.php\/wp-json\/wp\/v2\/tags?post=8770"}],"curies":[{"name":"wp","href":"https:\/\/api.w.org\/{rel}","templated":true}]}}