{"id":8766,"date":"2017-04-20T19:31:21","date_gmt":"2017-04-21T00:31:21","guid":{"rendered":"http:\/\/elinformanteperu.com\/?p=8766"},"modified":"2017-04-20T19:31:47","modified_gmt":"2017-04-21T00:31:47","slug":"el-atacante-del-lokomotiv-de-rusia-jefferson-farfan-respaldo-la-continuidad-del-entrenador-argentino-ricardo-gareca-en-el-banquillo-incaico-tras-la-buena-campana-en-la-eliminatoria-sudamericana-al-mu","status":"publish","type":"post","link":"https:\/\/elinformanteperu.com\/index.php\/2017\/04\/20\/el-atacante-del-lokomotiv-de-rusia-jefferson-farfan-respaldo-la-continuidad-del-entrenador-argentino-ricardo-gareca-en-el-banquillo-incaico-tras-la-buena-campana-en-la-eliminatoria-sudamericana-al-mu\/","title":{"rendered":"Farf\u00e1n respalda la continuidad de Ricardo Gareca en la selecci\u00f3n peruana"},"content":{"rendered":"<p><strong><span style=\"color: #000000;\">El atacante del Lokomotiv de Rusia Jefferson Farf\u00e1n respald\u00f3 la continuidad del entrenador argentino Ricardo Gareca en\u00a0la selecci\u00f3n.<\/span><\/strong><\/p>\n<p><span style=\"color: #000000;\"><strong>Mosc\u00fa, 20 Abril 2017, (ANDINA).-<\/strong> El atacante del Lokomotiv de Rusia Jefferson Farf\u00e1n respald\u00f3 la continuidad del entrenador argentino Ricardo Gareca en el banquillo incaico, tras la buena campa\u00f1a en la eliminatoria sudamericana al Mundial de Rusia 2018.<\/span><\/p>\n<p><span style=\"color: #000000;\">\u00abRicardo Gareca ha consolidado un grupo importante en la selecci\u00f3n peruana de f\u00fatbol y creo que deber\u00eda mantenerse en la direcci\u00f3n t\u00e9cnica, por todo lo que viene haciendo\u00bb, dijo Farf\u00e1n a \u00abRPP\u00bb.<\/span><\/p>\n<p><span style=\"color: #000000;\">La Foquita subray\u00f3 el trabajo de Gareca, pero afirm\u00f3 que a\u00fan no es momento para hacer un balance de lo que fue el desempe\u00f1o de la Blanquirroja en el presente proceso clasificatorio.<\/span><\/p>\n<p><span style=\"color: #000000;\">El atacante, de 31 a\u00f1os, quien se prepara fuerte para regresar a su mejor nivel en la Liga Premier de Rusia, ofreci\u00f3 hoy su \u00abpredisposici\u00f3n\u00bb para afrontar lo que resta de las clasificatorias con la Bicolor.<\/span><\/p>\n<p><span style=\"color: #000000;\">\u00abEstoy trabajando en silencio para llegar a un \u00f3ptimo rendimiento y va a depender mucho de m\u00ed volver a la selecci\u00f3n. Me considero parte del grupo y no voy a conformarme hasta regresar\u00bb.<\/span><\/p>\n<p><span style=\"color: #000000;\">Al margen del gol que marc\u00f3 en su debut con el Lokomotiv, el inter\u00e9s del t\u00e9cnico Yuri Siomin es llevar progresivamente a Farf\u00e1n.<\/span><\/p>\n<p><span style=\"color: #000000;\">\u00abEl profesor conoce la para que he tenido y me est\u00e1 llevando de a pocos. Estoy muy c\u00f3modo y jugar\u00e9 donde el t\u00e9cnico me ponga. Puedo hacerlo de 9, por fuera, y detr\u00e1s de los delanteros. Es su decisi\u00f3n alinearme\u00bb, culmin\u00f3.<\/span><\/p>\n<p><img fetchpriority=\"high\" decoding=\"async\" class=\"size-large wp-image-2421 aligncenter\" src=\"http:\/\/elinformanteperu.com\/wp-content\/uploads\/2016\/12\/gareca-seleccion-1024x682.jpg\" alt=\"\" width=\"615\" height=\"410\" srcset=\"https:\/\/elinformanteperu.com\/wp-content\/uploads\/2016\/12\/gareca-seleccion-1024x682.jpg 1024w, https:\/\/elinformanteperu.com\/wp-content\/uploads\/2016\/12\/gareca-seleccion-300x200.jpg 300w, https:\/\/elinformanteperu.com\/wp-content\/uploads\/2016\/12\/gareca-seleccion-768x511.jpg 768w, https:\/\/elinformanteperu.com\/wp-content\/uploads\/2016\/12\/gareca-seleccion-128x85.jpg 128w, https:\/\/elinformanteperu.com\/wp-content\/uploads\/2016\/12\/gareca-seleccion-32x21.jpg 32w, https:\/\/elinformanteperu.com\/wp-content\/uploads\/2016\/12\/gareca-seleccion.jpg 1800w\" sizes=\"(max-width: 615px) 100vw, 615px\" \/><\/p>\n","protected":false},"excerpt":{"rendered":"<p>El atacante del Lokomotiv de Rusia Jefferson Farf\u00e1n respald\u00f3 la continuidad del entrenador argentino Ricardo Gareca en\u00a0la selecci\u00f3n. Mosc\u00fa, 20 Abril 2017, (ANDINA).- El atacante del Lokomotiv de Rusia Jefferson Farf\u00e1n respald\u00f3 la continuidad del entrenador argentino Ricardo Gareca en el banquillo incaico, tras la buena campa\u00f1a en la eliminatoria sudamericana al Mundial de Rusia [&hellip;]<\/p>\n","protected":false},"author":1,"featured_media":8767,"comment_status":"open","ping_status":"open","sticky":false,"template":"","format":"standard","meta":{"rop_custom_images_group":[],"rop_custom_messages_group":[],"rop_publish_now":"initial","rop_publish_now_accounts":[],"rop_publish_now_history":[],"rop_publish_now_status":"pending","footnotes":""},"categories":[8],"tags":[670,92],"class_list":["post-8766","post","type-post","status-publish","format-standard","has-post-thumbnail","hentry","category-disciplinas-deportivas","tag-jefferson-farfan","tag-ricardo-gareca"],"_links":{"self":[{"href":"https:\/\/elinformanteperu.com\/index.php\/wp-json\/wp\/v2\/posts\/8766","targetHints":{"allow":["GET"]}}],"collection":[{"href":"https:\/\/elinformanteperu.com\/index.php\/wp-json\/wp\/v2\/posts"}],"about":[{"href":"https:\/\/elinformanteperu.com\/index.php\/wp-json\/wp\/v2\/types\/post"}],"author":[{"embeddable":true,"href":"https:\/\/elinformanteperu.com\/index.php\/wp-json\/wp\/v2\/users\/1"}],"replies":[{"embeddable":true,"href":"https:\/\/elinformanteperu.com\/index.php\/wp-json\/wp\/v2\/comments?post=8766"}],"version-history":[{"count":2,"href":"https:\/\/elinformanteperu.com\/index.php\/wp-json\/wp\/v2\/posts\/8766\/revisions"}],"predecessor-version":[{"id":8769,"href":"https:\/\/elinformanteperu.com\/index.php\/wp-json\/wp\/v2\/posts\/8766\/revisions\/8769"}],"wp:featuredmedia":[{"embeddable":true,"href":"https:\/\/elinformanteperu.com\/index.php\/wp-json\/wp\/v2\/media\/8767"}],"wp:attachment":[{"href":"https:\/\/elinformanteperu.com\/index.php\/wp-json\/wp\/v2\/media?parent=8766"}],"wp:term":[{"taxonomy":"category","embeddable":true,"href":"https:\/\/elinformanteperu.com\/index.php\/wp-json\/wp\/v2\/categories?post=8766"},{"taxonomy":"post_tag","embeddable":true,"href":"https:\/\/elinformanteperu.com\/index.php\/wp-json\/wp\/v2\/tags?post=8766"}],"curies":[{"name":"wp","href":"https:\/\/api.w.org\/{rel}","templated":true}]}}