{"id":87556,"date":"2020-11-26T23:24:34","date_gmt":"2020-11-27T04:24:34","guid":{"rendered":"https:\/\/elinformanteperu.com\/?p=87556"},"modified":"2020-11-26T23:24:34","modified_gmt":"2020-11-27T04:24:34","slug":"presidente-sagasti-se-reunio-con-voceros-de-la-bancada-accion-popular","status":"publish","type":"post","link":"https:\/\/elinformanteperu.com\/index.php\/2020\/11\/26\/presidente-sagasti-se-reunio-con-voceros-de-la-bancada-accion-popular\/","title":{"rendered":"Presidente Sagasti se reuni\u00f3 con voceros de la bancada Acci\u00f3n Popular"},"content":{"rendered":"<p><span style=\"color: #000000;\"><strong>Lima, 26 Noviembre 2020, (ANDINA).-<\/strong> El presidente de la Rep\u00fablica, Francisco Sagasti, se reuni\u00f3 con los voceros de la bancada de Acci\u00f3n Popular, los congresistas Otto Guibovich y Yessy Fabi\u00e1n D\u00edaz, como parte de la ronda de conversaciones iniciada con los partidos pol\u00edticos con representaci\u00f3n en el Parlamento<\/span><\/p>\n<p><span style=\"color: #000000;\">La ronda de conversaciones tiene el objetivo de coordinar acciones conjuntas sobre los desaf\u00edos que afronta el pa\u00eds en temas como la lucha contra la pandemia y la reactivaci\u00f3n econ\u00f3mica.<\/span><\/p>\n<p><span style=\"color: #000000;\">Tras el encuentro, el vocero de Acci\u00f3n Popular, Otto Guibovich, dijo a la prensa que el mandatario ha propuesto una pol\u00edtica de puertas abiertas y de acercamiento con el Legislativo.<\/span><\/p>\n<p><span style=\"color: #000000;\">Precis\u00f3 adem\u00e1s que se hab\u00eda conversado sobre temas como el posible rebrote de los contagios por coronavirus y la adquisici\u00f3n y distribuci\u00f3n de la vacuna.<\/span><\/p>\n<p><span style=\"color: #000000;\">Desde que se inici\u00f3 la ronda de conversaciones, el mandatario se ha reunido con los l\u00edderes y voceros parlamentarios de Alianza para el Progreso, Frepap, Fuerza Popular y Somos Per\u00fa.<\/span><\/p>\n<p><span style=\"color: #000000;\">En estos momentos, el mandatario se re\u00fane con Marco Arana, l\u00edder del Frente Amplio, y parlamentarios de esa agrupaci\u00f3n pol\u00edtica.<\/span><\/p>\n","protected":false},"excerpt":{"rendered":"<p>Lima, 26 Noviembre 2020, (ANDINA).- El presidente de la Rep\u00fablica, Francisco Sagasti, se reuni\u00f3 con los voceros de la bancada de Acci\u00f3n Popular, los congresistas Otto Guibovich y Yessy Fabi\u00e1n D\u00edaz, como parte de la ronda de conversaciones iniciada con los partidos pol\u00edticos con representaci\u00f3n en el Parlamento La ronda de conversaciones tiene el objetivo [&hellip;]<\/p>\n","protected":false},"author":1,"featured_media":87557,"comment_status":"open","ping_status":"open","sticky":false,"template":"","format":"standard","meta":{"rop_custom_images_group":[],"rop_custom_messages_group":[],"rop_publish_now":"initial","rop_publish_now_accounts":[],"rop_publish_now_history":[],"rop_publish_now_status":"pending","footnotes":""},"categories":[5],"tags":[326,5263,5467,1421],"class_list":["post-87556","post","type-post","status-publish","format-standard","has-post-thumbnail","hentry","category-actualidad-informativa","tag-accion-popular","tag-francisco-sagasti","tag-otto-guibovich","tag-poder-ejecutivo"],"_links":{"self":[{"href":"https:\/\/elinformanteperu.com\/index.php\/wp-json\/wp\/v2\/posts\/87556","targetHints":{"allow":["GET"]}}],"collection":[{"href":"https:\/\/elinformanteperu.com\/index.php\/wp-json\/wp\/v2\/posts"}],"about":[{"href":"https:\/\/elinformanteperu.com\/index.php\/wp-json\/wp\/v2\/types\/post"}],"author":[{"embeddable":true,"href":"https:\/\/elinformanteperu.com\/index.php\/wp-json\/wp\/v2\/users\/1"}],"replies":[{"embeddable":true,"href":"https:\/\/elinformanteperu.com\/index.php\/wp-json\/wp\/v2\/comments?post=87556"}],"version-history":[{"count":1,"href":"https:\/\/elinformanteperu.com\/index.php\/wp-json\/wp\/v2\/posts\/87556\/revisions"}],"predecessor-version":[{"id":87558,"href":"https:\/\/elinformanteperu.com\/index.php\/wp-json\/wp\/v2\/posts\/87556\/revisions\/87558"}],"wp:featuredmedia":[{"embeddable":true,"href":"https:\/\/elinformanteperu.com\/index.php\/wp-json\/wp\/v2\/media\/87557"}],"wp:attachment":[{"href":"https:\/\/elinformanteperu.com\/index.php\/wp-json\/wp\/v2\/media?parent=87556"}],"wp:term":[{"taxonomy":"category","embeddable":true,"href":"https:\/\/elinformanteperu.com\/index.php\/wp-json\/wp\/v2\/categories?post=87556"},{"taxonomy":"post_tag","embeddable":true,"href":"https:\/\/elinformanteperu.com\/index.php\/wp-json\/wp\/v2\/tags?post=87556"}],"curies":[{"name":"wp","href":"https:\/\/api.w.org\/{rel}","templated":true}]}}