{"id":87554,"date":"2020-11-26T23:16:22","date_gmt":"2020-11-27T04:16:22","guid":{"rendered":"https:\/\/elinformanteperu.com\/?p=87554"},"modified":"2020-11-26T23:16:22","modified_gmt":"2020-11-27T04:16:22","slug":"guibovich-presidente-plantea-politica-de-puertas-abiertas-y-acercamiento-con-el-congreso","status":"publish","type":"post","link":"https:\/\/elinformanteperu.com\/index.php\/2020\/11\/26\/guibovich-presidente-plantea-politica-de-puertas-abiertas-y-acercamiento-con-el-congreso\/","title":{"rendered":"Guibovich: Presidente plantea pol\u00edtica de puertas abiertas y acercamiento con el Congreso"},"content":{"rendered":"<p><span style=\"color: #000000;\"><strong>Lima, 26 Noviembre 2020, (ANDINA).-<\/strong> El vocero de la bancada de Acci\u00f3n Popular (AP), Otto Guibovich, se\u00f1al\u00f3 que el presidente Francisco Sagasti plante\u00f3 una pol\u00edtica de puertas abiertas y de acercamiento con el Legislativo, durante la reuni\u00f3n que sostuvieron como parte de la ronda de di\u00e1logo con los partidos pol\u00edticos.<\/span><\/p>\n<p><span style=\"color: #000000;\">Sostuvo que le da credibilidad a este prop\u00f3sito expresado por el presidente, dado que se trata de una persona franca.<\/span><\/p>\n<p><span style=\"color: #000000;\">\u201cEsperamos que se mantenga la pol\u00edtica de puertas abiertas y que haya di\u00e1logo, los poderes del Estado no pueden ser visto como estancos\u201d, asegur\u00f3 a la prensa al culminar la reuni\u00f3n.<\/span><\/p>\n<p><span style=\"color: #000000;\">Precis\u00f3 que en el encuentro se habl\u00f3 tambi\u00e9n acerca de un posible rebrote en los contagios del coronavirus, as\u00ed como de las vacunas, la adquisici\u00f3n, la cadena de fr\u00edo, la administraci\u00f3n y la log\u00edstica para los equipos de vacunaci\u00f3n.<\/span><\/p>\n<p><span style=\"color: #000000;\">\u201cEs una reuni\u00f3n de acercamiento -as\u00ed lo ha llamado el presidente- con las bancadas en busca de un trabajo convergente y que dejemos de vernos como poderes adversarios cuando somos parte de una misma estructura, es rescatable buscar la convergencia, respetando el equilibrio de poderes\u201d, apunt\u00f3.<\/span><\/p>\n<p><span style=\"color: #000000;\">El parlamentario manifest\u00f3 que el pr\u00f3ximo martes la bancada de Acci\u00f3n Popular se reunir\u00e1 con la presidenta del Consejo de Ministros, Violeta Berm\u00fadez, previo a lo que ser\u00e1 su presentaci\u00f3n en el Congreso para pedir el voto de confianza.<\/span><\/p>\n<p><span style=\"color: #000000;\">Asegur\u00f3 que su bancada escuchar\u00e1 la presentaci\u00f3n de la pol\u00edtica general de gobierno antes de definir si otorga o no el voto de confianza.<\/span><\/p>\n<p><span style=\"color: #000000;\">\u201cEn Acci\u00f3n Popular no somos obstruccionistas, pero no adelantamos opini\u00f3n, sino no tiene sentido ir y escuchar la presentaci\u00f3n. Vamos a votar en forma responsable\u201d, asever\u00f3.<\/span><\/p>\n","protected":false},"excerpt":{"rendered":"<p>Lima, 26 Noviembre 2020, (ANDINA).- El vocero de la bancada de Acci\u00f3n Popular (AP), Otto Guibovich, se\u00f1al\u00f3 que el presidente Francisco Sagasti plante\u00f3 una pol\u00edtica de puertas abiertas y de acercamiento con el Legislativo, durante la reuni\u00f3n que sostuvieron como parte de la ronda de di\u00e1logo con los partidos pol\u00edticos. Sostuvo que le da credibilidad [&hellip;]<\/p>\n","protected":false},"author":1,"featured_media":79662,"comment_status":"open","ping_status":"open","sticky":false,"template":"","format":"standard","meta":{"rop_custom_images_group":[],"rop_custom_messages_group":[],"rop_publish_now":"initial","rop_publish_now_accounts":[],"rop_publish_now_history":[],"rop_publish_now_status":"pending","footnotes":""},"categories":[5],"tags":[326,192,5263,5467],"class_list":["post-87554","post","type-post","status-publish","format-standard","has-post-thumbnail","hentry","category-actualidad-informativa","tag-accion-popular","tag-congreso","tag-francisco-sagasti","tag-otto-guibovich"],"_links":{"self":[{"href":"https:\/\/elinformanteperu.com\/index.php\/wp-json\/wp\/v2\/posts\/87554","targetHints":{"allow":["GET"]}}],"collection":[{"href":"https:\/\/elinformanteperu.com\/index.php\/wp-json\/wp\/v2\/posts"}],"about":[{"href":"https:\/\/elinformanteperu.com\/index.php\/wp-json\/wp\/v2\/types\/post"}],"author":[{"embeddable":true,"href":"https:\/\/elinformanteperu.com\/index.php\/wp-json\/wp\/v2\/users\/1"}],"replies":[{"embeddable":true,"href":"https:\/\/elinformanteperu.com\/index.php\/wp-json\/wp\/v2\/comments?post=87554"}],"version-history":[{"count":1,"href":"https:\/\/elinformanteperu.com\/index.php\/wp-json\/wp\/v2\/posts\/87554\/revisions"}],"predecessor-version":[{"id":87555,"href":"https:\/\/elinformanteperu.com\/index.php\/wp-json\/wp\/v2\/posts\/87554\/revisions\/87555"}],"wp:featuredmedia":[{"embeddable":true,"href":"https:\/\/elinformanteperu.com\/index.php\/wp-json\/wp\/v2\/media\/79662"}],"wp:attachment":[{"href":"https:\/\/elinformanteperu.com\/index.php\/wp-json\/wp\/v2\/media?parent=87554"}],"wp:term":[{"taxonomy":"category","embeddable":true,"href":"https:\/\/elinformanteperu.com\/index.php\/wp-json\/wp\/v2\/categories?post=87554"},{"taxonomy":"post_tag","embeddable":true,"href":"https:\/\/elinformanteperu.com\/index.php\/wp-json\/wp\/v2\/tags?post=87554"}],"curies":[{"name":"wp","href":"https:\/\/api.w.org\/{rel}","templated":true}]}}