{"id":8748,"date":"2017-04-20T01:21:09","date_gmt":"2017-04-20T06:21:09","guid":{"rendered":"http:\/\/elinformanteperu.com\/?p=8748"},"modified":"2017-04-20T01:38:16","modified_gmt":"2017-04-20T06:38:16","slug":"zavala-taenemos-oportunidad-de-reconstruir-sin-repetir-errores-del-pasado","status":"publish","type":"post","link":"https:\/\/elinformanteperu.com\/index.php\/2017\/04\/20\/zavala-taenemos-oportunidad-de-reconstruir-sin-repetir-errores-del-pasado\/","title":{"rendered":"Zavala: tenemos oportunidad de reconstruir sin repetir errores del pasado"},"content":{"rendered":"<p><strong><span style=\"color: #000000;\">El presidente del Consejo de Ministros, Fernando Zavala, destac\u00f3 la importancia del proyecto de ley enviado por el Ejecutivo al Congreso para reconstruir las zonas afectadas por las inundaciones.<\/span><\/strong><\/p>\n<p><span style=\"color: #000000;\"><strong>Lima, 19 Abril 2017, (ANDINA).<\/strong>&#8211; El presidente del Consejo de Ministros, Fernando Zavala, destac\u00f3 la importancia del proyecto de ley enviado por el Ejecutivo al Congreso para reconstruir las zonas afectadas por las inundaciones, y subray\u00f3 que representa una oportunidad de hacer las cosas bien, sin repetir errores del pasado.<\/span><\/p>\n<p><span style=\"color: #000000;\">\u201cTenemos una gran oportunidad de hacer las cosas bien, de forma diferente, y no repetir los errores del pasado\u201d, manifest\u00f3 en conferencia de prensa tras la sesi\u00f3n del Consejo de Ministros en Palacio de Gobierno.<\/span><\/p>\n<p><span style=\"color: #000000;\">Subray\u00f3 que el objetivo de la ley es implementar y ejecutar un plan integral para reconstruir, rehabilitar, reponer, y construir nueva infraestructura de uso p\u00fablico de calidad en las zonas afectadas, especialmente en el norte del pa\u00eds.<\/span><\/p>\n<p><span style=\"color: #000000;\">Destac\u00f3, adem\u00e1s, que la ejecuci\u00f3n del proceso estar\u00e1 a cargo de los tres niveles de gobierno y que su cumplimiento ser\u00e1 obligatorio para las diferentes instancias del Estado.<\/span><\/p>\n<p><span style=\"color: #000000;\">Indic\u00f3 que la autoridad creada para la reconstrucci\u00f3n tendr\u00e1 un periodo de vigencia de tres a\u00f1os, con la posibilidad de ampliarse por un a\u00f1o adicional, adem\u00e1s de estar bajo el \u00e1mbito de la Presidencia del Consejo de Ministros (PCM).<\/span><\/p>\n<p><span style=\"color: #000000;\">Zavala resalt\u00f3 tambi\u00e9n la inclusi\u00f3n en el proyecto de mecanismos de transparencia, como la obligaci\u00f3n de la autoridad de informar peri\u00f3dicamente sobre los avances del proceso a la opini\u00f3n p\u00fablica, as\u00ed como al Congreso de la Rep\u00fablica y al Foro del Acuerdo Nacional.<\/span><\/p>\n<p><span style=\"color: #000000;\">A\u00f1adi\u00f3 que un aspecto importante de la iniciativa legislativa es la creaci\u00f3n de \u201cmecanismos novedosos\u201d, como el denominado \u201cobras por terrenos\u201d, mediante el cual se promueve la participaci\u00f3n privada en el encauzamiento de r\u00edos y de otras obras necesarias para la reconstrucci\u00f3n.<\/span><\/p>\n<p><span style=\"color: #000000;\">Explic\u00f3 que, al encauzar los r\u00edos, podr\u00edan obtenerse nuevos terrenos, los cuales ser\u00edan entregados a las empresas encargadas de esta labor como compensaci\u00f3n.<\/span><\/p>\n<p><span style=\"color: #000000;\">En otro momento, resalt\u00f3 que el texto normativo permite declarar intangibles a las zonas identificadas como riesgosas frente a desastres naturales, a fin de evitar que puedan ser usadas como zonas habitables, y establece sanciones para quienes incumplan esta disposici\u00f3n.<\/span><\/p>\n<p><span style=\"color: #000000;\">Zavala agradeci\u00f3 al Congreso de la Rep\u00fablica por programar la discusi\u00f3n de este proyecto para este lunes, y dijo tener las mejores expectativas de los resultados a obtenerse en esa sesi\u00f3n plenaria.<\/span><\/p>\n<p><span style=\"color: #000000;\">Ratific\u00f3, adem\u00e1s, su voluntad de reunirse en los pr\u00f3ximos d\u00edas con las bancadas del Congreso para explicar las ventajas y los detalles de la ley.<\/span><\/p>\n<p><span style=\"color: #000000;\">\u201cVoy a ir a explicar a las bancadas las implicancias, impactos y la necesidad de tener este proyecto de ley para empezar la reconstrucci\u00f3n y el lunes estar\u00e9 participando en el Pleno del Congreso\u201d, manifest\u00f3.<\/span><\/p>\n","protected":false},"excerpt":{"rendered":"<p>El presidente del Consejo de Ministros, Fernando Zavala, destac\u00f3 la importancia del proyecto de ley enviado por el Ejecutivo al Congreso para reconstruir las zonas afectadas por las inundaciones. Lima, 19 Abril 2017, (ANDINA).&#8211; El presidente del Consejo de Ministros, Fernando Zavala, destac\u00f3 la importancia del proyecto de ley enviado por el Ejecutivo al Congreso [&hellip;]<\/p>\n","protected":false},"author":1,"featured_media":3101,"comment_status":"open","ping_status":"open","sticky":false,"template":"","format":"standard","meta":{"rop_custom_images_group":[],"rop_custom_messages_group":[],"rop_publish_now":"initial","rop_publish_now_accounts":[],"rop_publish_now_history":[],"rop_publish_now_status":"pending","footnotes":""},"categories":[5],"tags":[192,75,857,189,1421],"class_list":["post-8748","post","type-post","status-publish","format-standard","has-post-thumbnail","hentry","category-actualidad-informativa","tag-congreso","tag-fernando-zavala","tag-huaico","tag-pcm","tag-poder-ejecutivo"],"_links":{"self":[{"href":"https:\/\/elinformanteperu.com\/index.php\/wp-json\/wp\/v2\/posts\/8748","targetHints":{"allow":["GET"]}}],"collection":[{"href":"https:\/\/elinformanteperu.com\/index.php\/wp-json\/wp\/v2\/posts"}],"about":[{"href":"https:\/\/elinformanteperu.com\/index.php\/wp-json\/wp\/v2\/types\/post"}],"author":[{"embeddable":true,"href":"https:\/\/elinformanteperu.com\/index.php\/wp-json\/wp\/v2\/users\/1"}],"replies":[{"embeddable":true,"href":"https:\/\/elinformanteperu.com\/index.php\/wp-json\/wp\/v2\/comments?post=8748"}],"version-history":[{"count":2,"href":"https:\/\/elinformanteperu.com\/index.php\/wp-json\/wp\/v2\/posts\/8748\/revisions"}],"predecessor-version":[{"id":8754,"href":"https:\/\/elinformanteperu.com\/index.php\/wp-json\/wp\/v2\/posts\/8748\/revisions\/8754"}],"wp:featuredmedia":[{"embeddable":true,"href":"https:\/\/elinformanteperu.com\/index.php\/wp-json\/wp\/v2\/media\/3101"}],"wp:attachment":[{"href":"https:\/\/elinformanteperu.com\/index.php\/wp-json\/wp\/v2\/media?parent=8748"}],"wp:term":[{"taxonomy":"category","embeddable":true,"href":"https:\/\/elinformanteperu.com\/index.php\/wp-json\/wp\/v2\/categories?post=8748"},{"taxonomy":"post_tag","embeddable":true,"href":"https:\/\/elinformanteperu.com\/index.php\/wp-json\/wp\/v2\/tags?post=8748"}],"curies":[{"name":"wp","href":"https:\/\/api.w.org\/{rel}","templated":true}]}}