{"id":87076,"date":"2020-11-21T00:06:14","date_gmt":"2020-11-21T05:06:14","guid":{"rendered":"https:\/\/elinformanteperu.com\/?p=87076"},"modified":"2020-11-21T00:06:14","modified_gmt":"2020-11-21T05:06:14","slug":"comision-de-constitucion-podria-iniciar-debate-para-delimitar-vacancia-presidencial","status":"publish","type":"post","link":"https:\/\/elinformanteperu.com\/index.php\/2020\/11\/21\/comision-de-constitucion-podria-iniciar-debate-para-delimitar-vacancia-presidencial\/","title":{"rendered":"Comisi\u00f3n de Constituci\u00f3n podr\u00eda iniciar debate para delimitar vacancia presidencial"},"content":{"rendered":"<p><strong><span style=\"color: #000000;\">Por incapacidad moral permanente, opin\u00f3 titular del Parlamento<\/span><\/strong><\/p>\n<p><span style=\"color: #000000;\"><strong>Lima, 20 Noviembre 2020, (ANDINA).-<\/strong> La presidenta del Congreso, Mirtha V\u00e1squez, consider\u00f3 que la Comisi\u00f3n de Constituci\u00f3n podr\u00eda evaluar iniciar el debate para delimitar la causal de incapacidad moral permanente para vacar a un presidente de la Rep\u00fablica.<\/span><\/p>\n<p><span style=\"color: #000000;\">\u00abNo s\u00e9 si alcance el tiempo, pero valdr\u00eda la pena que en la Comisi\u00f3n de Constituci\u00f3n se discutiera esa posibilidad, ya que el Tribunal Constitucional por el momento no la ha definido\u00bb, declar\u00f3 en entrevista con RPP.<\/span><\/p>\n<p><span style=\"color: #000000;\">Se\u00f1al\u00f3 que ahora que se abri\u00f3 el debate sobre el retorno a la bicameralidad, lo cual implica una reforma constitucional, se podr\u00eda dar una oportunidad para tratar de delimitar figuras como la vacancia presidencial por incapacidad moral permanente.<\/span><\/p>\n<p><span style=\"color: #000000;\">V\u00e1squez Chuquil\u00edn dijo ser respetuosa de la sentencia del Tribunal Constitucional que declar\u00f3 improcedente la demanda competencial que plante\u00f3 el Poder Ejecutivo frente a primera moci\u00f3n de vacancia presidencial por incapacidad moral permanente que aprob\u00f3 el Congreso.<\/span><\/p>\n<p><span style=\"color: #000000;\">\u00abA pesar de ser respetuosos de un poder tan importante como el Tribunal Constitucional, creo que desde nuestro sentir como ciudadanos lo mejor era que haya una respuesta sobre el fondo de este asunto porque hemos enfrentado una crisis que, creo, ameritaba que haya una respuesta de esta naturaleza y me parece que no es muy adecuado, quedarse en la forma\u00bb, expres\u00f3.<\/span><\/p>\n<p><span style=\"color: #000000;\">En su resoluci\u00f3n, el m\u00e1ximo organismo electoral se\u00f1al\u00f3 que no correspond\u00eda un pronunciamiento sobre la demanda del Gobierno, que ped\u00eda se resuelva la incertidumbre jur\u00eddica sobre qu\u00e9 se entiende por permanente incapacidad moral, \u00abpor cuanto a la fecha se ha producido la sustracci\u00f3n de la materia controvertida\u00bb.<\/span><\/p>\n<p><span style=\"color: #000000;\">Al respecto, la titular del Congreso, quien integr\u00f3 la Comisi\u00f3n de Constituci\u00f3n, advirti\u00f3 que se ha dejado abierta la posibilidad y el riesgo de que se vuelva repetir una situaci\u00f3n como la vivida en las \u00faltimas semanas en el pa\u00eds.<\/span><\/p>\n<p><strong><span style=\"color: #000000;\">Tareas pendientes<\/span><\/strong><\/p>\n<p><span style=\"color: #000000;\">De otro lado, V\u00e1squez Chuquil\u00edn, sostuvo que el Parlamento tiene que optimizar sus decisiones y sobre todo, concentrarse en temas estrat\u00e9gicos en vista del poco tiempo que le queda en funciones.<\/span><\/p>\n<p><span style=\"color: #000000;\">En ese sentido, se\u00f1al\u00f3 que no se puede soslayar investigar la crisis pol\u00edtica que ha dejado saldos lamentables, como dos j\u00f3venes fallecidos y heridos de gravedad.<\/span><\/p>\n<p><span style=\"color: #000000;\">De igual manera, indic\u00f3, el Congreso se debe enfocar en temas que la poblaci\u00f3n demanda como acceso a la salud, la reforma de sistema de pensiones y alguna reformas pol\u00edticas que quedaron en el camino.<\/span><\/p>\n<p><span style=\"color: #000000;\">Al respecto, consider\u00f3 que hab\u00eda que revisar el dictamen sobre la eliminaci\u00f3n de la inmunidad parlamentaria, en el cual se incluy\u00f3 tambi\u00e9n la eliminaci\u00f3n de la inmunidad para altos funcionarios.<\/span><\/p>\n","protected":false},"excerpt":{"rendered":"<p>Por incapacidad moral permanente, opin\u00f3 titular del Parlamento Lima, 20 Noviembre 2020, (ANDINA).- La presidenta del Congreso, Mirtha V\u00e1squez, consider\u00f3 que la Comisi\u00f3n de Constituci\u00f3n podr\u00eda evaluar iniciar el debate para delimitar la causal de incapacidad moral permanente para vacar a un presidente de la Rep\u00fablica. \u00abNo s\u00e9 si alcance el tiempo, pero valdr\u00eda la [&hellip;]<\/p>\n","protected":false},"author":1,"featured_media":87077,"comment_status":"open","ping_status":"open","sticky":false,"template":"","format":"standard","meta":{"rop_custom_images_group":[],"rop_custom_messages_group":[],"rop_publish_now":"initial","rop_publish_now_accounts":[],"rop_publish_now_history":[],"rop_publish_now_status":"pending","footnotes":""},"categories":[5],"tags":[192,6217,6041,6218],"class_list":["post-87076","post","type-post","status-publish","format-standard","has-post-thumbnail","hentry","category-actualidad-informativa","tag-congreso","tag-crisis-vacancia","tag-mirtha-vasquez","tag-vacancia"],"_links":{"self":[{"href":"https:\/\/elinformanteperu.com\/index.php\/wp-json\/wp\/v2\/posts\/87076","targetHints":{"allow":["GET"]}}],"collection":[{"href":"https:\/\/elinformanteperu.com\/index.php\/wp-json\/wp\/v2\/posts"}],"about":[{"href":"https:\/\/elinformanteperu.com\/index.php\/wp-json\/wp\/v2\/types\/post"}],"author":[{"embeddable":true,"href":"https:\/\/elinformanteperu.com\/index.php\/wp-json\/wp\/v2\/users\/1"}],"replies":[{"embeddable":true,"href":"https:\/\/elinformanteperu.com\/index.php\/wp-json\/wp\/v2\/comments?post=87076"}],"version-history":[{"count":1,"href":"https:\/\/elinformanteperu.com\/index.php\/wp-json\/wp\/v2\/posts\/87076\/revisions"}],"predecessor-version":[{"id":87078,"href":"https:\/\/elinformanteperu.com\/index.php\/wp-json\/wp\/v2\/posts\/87076\/revisions\/87078"}],"wp:featuredmedia":[{"embeddable":true,"href":"https:\/\/elinformanteperu.com\/index.php\/wp-json\/wp\/v2\/media\/87077"}],"wp:attachment":[{"href":"https:\/\/elinformanteperu.com\/index.php\/wp-json\/wp\/v2\/media?parent=87076"}],"wp:term":[{"taxonomy":"category","embeddable":true,"href":"https:\/\/elinformanteperu.com\/index.php\/wp-json\/wp\/v2\/categories?post=87076"},{"taxonomy":"post_tag","embeddable":true,"href":"https:\/\/elinformanteperu.com\/index.php\/wp-json\/wp\/v2\/tags?post=87076"}],"curies":[{"name":"wp","href":"https:\/\/api.w.org\/{rel}","templated":true}]}}