{"id":87063,"date":"2020-11-20T23:54:03","date_gmt":"2020-11-21T04:54:03","guid":{"rendered":"https:\/\/elinformanteperu.com\/?p=87063"},"modified":"2020-11-20T23:54:03","modified_gmt":"2020-11-21T04:54:03","slug":"congresista-hipolito-chaina-renuncia-a-la-bancada-de-upp","status":"publish","type":"post","link":"https:\/\/elinformanteperu.com\/index.php\/2020\/11\/20\/congresista-hipolito-chaina-renuncia-a-la-bancada-de-upp\/","title":{"rendered":"Congresista Hip\u00f3lito Chai\u00f1a renuncia a la bancada de UPP"},"content":{"rendered":"<p><span style=\"color: #000000;\"><strong>Lima, 20 Noviembre 2020, (ANDINA).-<\/strong> El congresista Hip\u00f3lito Chai\u00f1a Contreras, representante de Arequipa, renunci\u00f3 irrevocablemente a formar parte de la bancada de Uni\u00f3n por el Per\u00fa (UPP) argumentando \u201crazones de conciencia\u201d.<\/span><\/p>\n<p><span style=\"color: #000000;\">En una carta fechada y remitida hoy al vocero de UPP, Jos\u00e9 Vega Antonio, el parlamentario dijo que varias de las decisiones adoptadas por este grupo pol\u00edtico \u201cno han sido consultadas\u201d.<\/span><\/p>\n<p><span style=\"color: #000000;\">Ello contradice su intenci\u00f3n de \u201ccontribuir a la construcci\u00f3n de una mejor Naci\u00f3n\u201d, se\u00f1ala Chai\u00f1a, y lo ha llevado a presentar su renuncia irrevocable.<\/span><\/p>\n<p><span style=\"color: #000000;\">El parlamentario es m\u00e9dico cirujano de profesi\u00f3n y anteriormente se hab\u00eda pronunciado en contra de la propuesta de UPP de restaurar la pena de muerte en el pa\u00eds.<\/span><\/p>\n<p><span style=\"color: #000000;\">La dimisi\u00f3n de Chai\u00f1a se produce cinco d\u00edas despu\u00e9s de la renuncia de Mar\u00eda Bartolo y Rub\u00e9n Ramos a la bancada de UPP. El 17 de octubre, el legislador Ali Mamani tambi\u00e9n hizo lo propio y se alej\u00f3 de la agrupaci\u00f3n parlamentaria.<\/span><\/p>\n<p><span style=\"color: #000000;\">La bancada de UPP, que consigui\u00f3 13 curules en las elecciones congresales de enero del presente a\u00f1o, se queda ahora con nueve integrantes.<\/span><\/p>\n","protected":false},"excerpt":{"rendered":"<p>Lima, 20 Noviembre 2020, (ANDINA).- El congresista Hip\u00f3lito Chai\u00f1a Contreras, representante de Arequipa, renunci\u00f3 irrevocablemente a formar parte de la bancada de Uni\u00f3n por el Per\u00fa (UPP) argumentando \u201crazones de conciencia\u201d. En una carta fechada y remitida hoy al vocero de UPP, Jos\u00e9 Vega Antonio, el parlamentario dijo que varias de las decisiones adoptadas por [&hellip;]<\/p>\n","protected":false},"author":1,"featured_media":87064,"comment_status":"open","ping_status":"open","sticky":false,"template":"","format":"standard","meta":{"rop_custom_images_group":[],"rop_custom_messages_group":[],"rop_publish_now":"initial","rop_publish_now_accounts":[],"rop_publish_now_history":[],"rop_publish_now_status":"pending","footnotes":""},"categories":[5],"tags":[192,6233,3584,5264],"class_list":["post-87063","post","type-post","status-publish","format-standard","has-post-thumbnail","hentry","category-actualidad-informativa","tag-congreso","tag-hipolito-chaina-contreras","tag-union-por-el-peru","tag-upp"],"_links":{"self":[{"href":"https:\/\/elinformanteperu.com\/index.php\/wp-json\/wp\/v2\/posts\/87063","targetHints":{"allow":["GET"]}}],"collection":[{"href":"https:\/\/elinformanteperu.com\/index.php\/wp-json\/wp\/v2\/posts"}],"about":[{"href":"https:\/\/elinformanteperu.com\/index.php\/wp-json\/wp\/v2\/types\/post"}],"author":[{"embeddable":true,"href":"https:\/\/elinformanteperu.com\/index.php\/wp-json\/wp\/v2\/users\/1"}],"replies":[{"embeddable":true,"href":"https:\/\/elinformanteperu.com\/index.php\/wp-json\/wp\/v2\/comments?post=87063"}],"version-history":[{"count":1,"href":"https:\/\/elinformanteperu.com\/index.php\/wp-json\/wp\/v2\/posts\/87063\/revisions"}],"predecessor-version":[{"id":87065,"href":"https:\/\/elinformanteperu.com\/index.php\/wp-json\/wp\/v2\/posts\/87063\/revisions\/87065"}],"wp:featuredmedia":[{"embeddable":true,"href":"https:\/\/elinformanteperu.com\/index.php\/wp-json\/wp\/v2\/media\/87064"}],"wp:attachment":[{"href":"https:\/\/elinformanteperu.com\/index.php\/wp-json\/wp\/v2\/media?parent=87063"}],"wp:term":[{"taxonomy":"category","embeddable":true,"href":"https:\/\/elinformanteperu.com\/index.php\/wp-json\/wp\/v2\/categories?post=87063"},{"taxonomy":"post_tag","embeddable":true,"href":"https:\/\/elinformanteperu.com\/index.php\/wp-json\/wp\/v2\/tags?post=87063"}],"curies":[{"name":"wp","href":"https:\/\/api.w.org\/{rel}","templated":true}]}}