{"id":87061,"date":"2020-11-20T23:51:17","date_gmt":"2020-11-21T04:51:17","guid":{"rendered":"https:\/\/elinformanteperu.com\/?p=87061"},"modified":"2020-11-20T23:51:17","modified_gmt":"2020-11-21T04:51:17","slug":"congreso-proponen-que-maestros-reciban-cts-al-100","status":"publish","type":"post","link":"https:\/\/elinformanteperu.com\/index.php\/2020\/11\/20\/congreso-proponen-que-maestros-reciban-cts-al-100\/","title":{"rendered":"Congreso: proponen que maestros reciban CTS al 100 %"},"content":{"rendered":"<p><span style=\"color: #000000;\"><strong>Lima, 20 Noviembre 2020, (ANDINA).-<\/strong> La Comisi\u00f3n de Educaci\u00f3n del Congreso aprob\u00f3 por mayor\u00eda el proyecto de ley que plantea que los profesores reciban su Compensaci\u00f3n por Tiempo de Servicios (CTS) a raz\u00f3n del 100 % de su remuneraci\u00f3n integral mensual, por a\u00f1o o fracci\u00f3n de los meses de servicios brindados, vigente al momento de su cese o jubilaci\u00f3n.<\/span><\/p>\n<p><span style=\"color: #000000;\">El texto sustitutorio aprobado fue iniciativa del legislador Jos\u00e9 Luis Ancalle Guti\u00e9rrez (Frente Amplio), quien asegur\u00f3 que el desembolso del pago debe realizarse en un plazo no mayor a los 30 d\u00edas de haber culminado su v\u00ednculo laboral.<\/span><\/p>\n<p><span style=\"color: #000000;\">La comisi\u00f3n evaluaba cinco iniciativas con similar objetivo, que consiste en modificar el art\u00edculo 63 de Ley de Reforma Magisterial sobre el c\u00e1lculo de beneficios social de la CTS a raz\u00f3n del total de una remuneraci\u00f3n integral mensual por a\u00f1o vigente al momento del cese y por a\u00f1os laborados.<\/span><\/p>\n<p><strong><span style=\"color: #000000;\">Financiamiento<\/span><\/strong><\/p>\n<p><span style=\"color: #000000;\">La presente ley -se\u00f1ala el texto sustitutorio- se financiar\u00e1 con cargo al presupuesto institucional del Ministerio de Educaci\u00f3n y de los gobiernos regionales, sin demandar recursos adicionales al Tesoro P\u00fablico.<\/span><\/p>\n<p><span style=\"color: #000000;\">Su implementaci\u00f3n, agrega, se ejecutar\u00e1 de forma progresiva.<\/span><\/p>\n<p><span style=\"color: #000000;\">Seg\u00fan el proyecto, el Ejecutivo, mediante decreto supremo y dentro de los 180 d\u00edas calendario de la entrada en vigencia de la ley, dictar\u00e1 medidas reglamentarias y complementarias para su mejor aplicaci\u00f3n y ejecuci\u00f3n.<\/span><\/p>\n<p><strong><span style=\"color: #000000;\">D\u00eda Nacional de la Batalla de Pasco<\/span><\/strong><\/p>\n<p><span style=\"color: #000000;\">A propuesta del legislador Luis Carlos Sime\u00f3n (Acci\u00f3n Popular), la Comisi\u00f3n de Educaci\u00f3n aprob\u00f3 el proyecto mediante el cual se declara que el 6 de diciembre sea el D\u00eda Nacional de la Batalla de Pasco, con motivo de conmemorarse el triunfo en la batalla de Pasco de 1820.<\/span><\/p>\n<p><span style=\"color: #000000;\">El objetivo es poner en el calendario de las efem\u00e9rides del pa\u00eds la conmemoraci\u00f3n del triunfo en la batalla de Pasco, que dio inicio a la Independencia del Per\u00fa, refiri\u00f3 Sime\u00f3n.<\/span><\/p>\n<p><span style=\"color: #000000;\">La iniciativa exhorta a los ministerios de Cultura, Comercio Exterior y Turismo, Educaci\u00f3n, y a los gobiernos regionales, locales e instituciones educativas p\u00fablicas y privadas, promover actividades conmemorativas y de difusi\u00f3n sobre la batalla de Pasco.<\/span><\/p>\n","protected":false},"excerpt":{"rendered":"<p>Lima, 20 Noviembre 2020, (ANDINA).- La Comisi\u00f3n de Educaci\u00f3n del Congreso aprob\u00f3 por mayor\u00eda el proyecto de ley que plantea que los profesores reciban su Compensaci\u00f3n por Tiempo de Servicios (CTS) a raz\u00f3n del 100 % de su remuneraci\u00f3n integral mensual, por a\u00f1o o fracci\u00f3n de los meses de servicios brindados, vigente al momento de [&hellip;]<\/p>\n","protected":false},"author":1,"featured_media":61807,"comment_status":"open","ping_status":"open","sticky":false,"template":"","format":"standard","meta":{"rop_custom_images_group":[],"rop_custom_messages_group":[],"rop_publish_now":"initial","rop_publish_now_accounts":[],"rop_publish_now_history":[],"rop_publish_now_status":"pending","footnotes":""},"categories":[5],"tags":[192,1561],"class_list":["post-87061","post","type-post","status-publish","format-standard","has-post-thumbnail","hentry","category-actualidad-informativa","tag-congreso","tag-cts"],"_links":{"self":[{"href":"https:\/\/elinformanteperu.com\/index.php\/wp-json\/wp\/v2\/posts\/87061","targetHints":{"allow":["GET"]}}],"collection":[{"href":"https:\/\/elinformanteperu.com\/index.php\/wp-json\/wp\/v2\/posts"}],"about":[{"href":"https:\/\/elinformanteperu.com\/index.php\/wp-json\/wp\/v2\/types\/post"}],"author":[{"embeddable":true,"href":"https:\/\/elinformanteperu.com\/index.php\/wp-json\/wp\/v2\/users\/1"}],"replies":[{"embeddable":true,"href":"https:\/\/elinformanteperu.com\/index.php\/wp-json\/wp\/v2\/comments?post=87061"}],"version-history":[{"count":1,"href":"https:\/\/elinformanteperu.com\/index.php\/wp-json\/wp\/v2\/posts\/87061\/revisions"}],"predecessor-version":[{"id":87062,"href":"https:\/\/elinformanteperu.com\/index.php\/wp-json\/wp\/v2\/posts\/87061\/revisions\/87062"}],"wp:featuredmedia":[{"embeddable":true,"href":"https:\/\/elinformanteperu.com\/index.php\/wp-json\/wp\/v2\/media\/61807"}],"wp:attachment":[{"href":"https:\/\/elinformanteperu.com\/index.php\/wp-json\/wp\/v2\/media?parent=87061"}],"wp:term":[{"taxonomy":"category","embeddable":true,"href":"https:\/\/elinformanteperu.com\/index.php\/wp-json\/wp\/v2\/categories?post=87061"},{"taxonomy":"post_tag","embeddable":true,"href":"https:\/\/elinformanteperu.com\/index.php\/wp-json\/wp\/v2\/tags?post=87061"}],"curies":[{"name":"wp","href":"https:\/\/api.w.org\/{rel}","templated":true}]}}