{"id":87058,"date":"2020-11-20T23:50:04","date_gmt":"2020-11-21T04:50:04","guid":{"rendered":"https:\/\/elinformanteperu.com\/?p=87058"},"modified":"2020-11-20T23:50:04","modified_gmt":"2020-11-21T04:50:04","slug":"presidente-sagasti-se-reunio-con-mision-de-observadores-de-la-oea","status":"publish","type":"post","link":"https:\/\/elinformanteperu.com\/index.php\/2020\/11\/20\/presidente-sagasti-se-reunio-con-mision-de-observadores-de-la-oea\/","title":{"rendered":"Presidente Sagasti se reuni\u00f3 con misi\u00f3n de observadores de la OEA"},"content":{"rendered":"<p><span style=\"color: #000000;\"><strong>Lima, 20 Noviembre 2020, (ANDINA).-<\/strong> El presidente Francisco Sagasti se reuni\u00f3 con integrantes de la misi\u00f3n de observaci\u00f3n electoral de la Organizaci\u00f3n de Estados Americanos (OEA), que llegaron a Lima esta semana. Vea aqu\u00ed la galer\u00eda fotogr\u00e1fica<\/span><\/p>\n<p><span style=\"color: #000000;\">La cita dur\u00f3 unos 40 minutos, en la sede del Palacio de Gobierno, seg\u00fan inform\u00f3 TV Per\u00fa Noticias.<\/span><\/p>\n<p><span style=\"color: #000000;\">Tras ello, indic\u00f3, el Mandatario asisti\u00f3 a una junta con gobernadores regionales.<\/span><\/p>\n<p><span style=\"color: #000000;\">En la v\u00edspera, el jefe de la Misi\u00f3n de Observaci\u00f3n Electoral de la OEA, Rub\u00e9n Ram\u00edrez Lezcano, anunci\u00f3 que sostendr\u00edan reuniones con altas autoridades del Ejecutivo, Legislativo, organismos electorales, partidos pol\u00edticos y la sociedad civil.<\/span><\/p>\n<p><span style=\"color: #000000;\">Asimismo, explic\u00f3 que se trata de una misi\u00f3n de observaci\u00f3n electoral preliminar y que permanecer\u00e1 en el pa\u00eds hasta el pr\u00f3ximo s\u00e1bado.<\/span><\/p>\n<p><span style=\"color: #000000;\">Ram\u00edrez, quien fuera canciller de Paraguay, sostuvo que para la democracia del Per\u00fa la presencia de la misi\u00f3n de observaci\u00f3n permitir\u00e1 conocer y entender \u00abtodos los puntos de vista de la sociedad civil\u00bb.<\/span><\/p>\n<p><span style=\"color: #000000;\">A inicios de semana, la Canciller\u00eda inform\u00f3 que la OEA hab\u00eda aceptado la invitaci\u00f3n del Per\u00fa para el env\u00edo de una misi\u00f3n de observadores.<\/span><\/p>\n","protected":false},"excerpt":{"rendered":"<p>Lima, 20 Noviembre 2020, (ANDINA).- El presidente Francisco Sagasti se reuni\u00f3 con integrantes de la misi\u00f3n de observaci\u00f3n electoral de la Organizaci\u00f3n de Estados Americanos (OEA), que llegaron a Lima esta semana. Vea aqu\u00ed la galer\u00eda fotogr\u00e1fica La cita dur\u00f3 unos 40 minutos, en la sede del Palacio de Gobierno, seg\u00fan inform\u00f3 TV Per\u00fa Noticias. [&hellip;]<\/p>\n","protected":false},"author":1,"featured_media":87059,"comment_status":"open","ping_status":"open","sticky":false,"template":"","format":"standard","meta":{"rop_custom_images_group":[],"rop_custom_messages_group":[],"rop_publish_now":"initial","rop_publish_now_accounts":[],"rop_publish_now_history":[],"rop_publish_now_status":"pending","footnotes":""},"categories":[5],"tags":[5263,2582],"class_list":["post-87058","post","type-post","status-publish","format-standard","has-post-thumbnail","hentry","category-actualidad-informativa","tag-francisco-sagasti","tag-oea"],"_links":{"self":[{"href":"https:\/\/elinformanteperu.com\/index.php\/wp-json\/wp\/v2\/posts\/87058","targetHints":{"allow":["GET"]}}],"collection":[{"href":"https:\/\/elinformanteperu.com\/index.php\/wp-json\/wp\/v2\/posts"}],"about":[{"href":"https:\/\/elinformanteperu.com\/index.php\/wp-json\/wp\/v2\/types\/post"}],"author":[{"embeddable":true,"href":"https:\/\/elinformanteperu.com\/index.php\/wp-json\/wp\/v2\/users\/1"}],"replies":[{"embeddable":true,"href":"https:\/\/elinformanteperu.com\/index.php\/wp-json\/wp\/v2\/comments?post=87058"}],"version-history":[{"count":1,"href":"https:\/\/elinformanteperu.com\/index.php\/wp-json\/wp\/v2\/posts\/87058\/revisions"}],"predecessor-version":[{"id":87060,"href":"https:\/\/elinformanteperu.com\/index.php\/wp-json\/wp\/v2\/posts\/87058\/revisions\/87060"}],"wp:featuredmedia":[{"embeddable":true,"href":"https:\/\/elinformanteperu.com\/index.php\/wp-json\/wp\/v2\/media\/87059"}],"wp:attachment":[{"href":"https:\/\/elinformanteperu.com\/index.php\/wp-json\/wp\/v2\/media?parent=87058"}],"wp:term":[{"taxonomy":"category","embeddable":true,"href":"https:\/\/elinformanteperu.com\/index.php\/wp-json\/wp\/v2\/categories?post=87058"},{"taxonomy":"post_tag","embeddable":true,"href":"https:\/\/elinformanteperu.com\/index.php\/wp-json\/wp\/v2\/tags?post=87058"}],"curies":[{"name":"wp","href":"https:\/\/api.w.org\/{rel}","templated":true}]}}