{"id":87055,"date":"2020-11-20T23:38:49","date_gmt":"2020-11-21T04:38:49","guid":{"rendered":"https:\/\/elinformanteperu.com\/?p=87055"},"modified":"2020-11-20T23:38:49","modified_gmt":"2020-11-21T04:38:49","slug":"alfredo-barnechea-desiste-de-su-precandidatura-por-accion-popular","status":"publish","type":"post","link":"https:\/\/elinformanteperu.com\/index.php\/2020\/11\/20\/alfredo-barnechea-desiste-de-su-precandidatura-por-accion-popular\/","title":{"rendered":"Alfredo Barnechea desiste de su precandidatura por Acci\u00f3n Popular"},"content":{"rendered":"<p><strong><span style=\"color: #000000;\">Seg\u00fan excongresista V\u00edctor Garc\u00eda Belaunde<\/span><\/strong><\/p>\n<p><span style=\"color: #000000;\"><strong>Lima, 20 Noviembre 2020, (ANDINA).-<\/strong> Alfredo Barnechea desisti\u00f3 de su pre candidatura presidencial por Acci\u00f3n Popular con miras a las elecciones generales del 2021, seg\u00fan inform\u00f3 el excongresista por dicha agrupaci\u00f3n V\u00edctor Garc\u00eda Belaunde.<\/span><\/p>\n<p><span style=\"color: #000000;\">\u00abEfectivamente se ha retirado. Habl\u00e9 anoche con \u00e9l y me lo confirm\u00f3, aunque no he visto su carta a\u00fan. Me lo dijo y es cierto que se ha retirado\u00bb, se\u00f1al\u00f3 en entrevista con TV Per\u00fa Noticias.<\/span><\/p>\n<p><span style=\"color: #000000;\">Seg\u00fan explic\u00f3, Barnechea adopt\u00f3 esta decisi\u00f3n tras hacer una evaluaci\u00f3n de la situaci\u00f3n social y econ\u00f3mica del pa\u00eds, y de las diferentes posturas que hubo en el partido en torno a ello.<\/span><\/p>\n<p><span style=\"color: #000000;\">Puntualmente, dijo, analiz\u00f3 el desempe\u00f1o de la bancada de Acci\u00f3n Popular, de Manuel Merino, y toda la crisis pol\u00edtica que vivieron los peruanos, adem\u00e1s de otros motivos.<\/span><\/p>\n<p><span style=\"color: #000000;\">\u00abSu decisi\u00f3n es sumamente personal; lo lamento, era un buen animador de la contienda electoral. Lo lamentamos pero respetamos su voluntad\u00bb, a\u00f1adi\u00f3 Garc\u00eda Belaunde.<\/span><\/p>\n<p><span style=\"color: #000000;\">Con la renuncia de Barnechea quedan en contienda tres listas en Acci\u00f3n Popular, entre las cuales se definir\u00e1n sus candidaturas con miras a las votaciones del 11 de abril.<\/span><\/p>\n<p><span style=\"color: #000000;\">No obstante, de acuerdo con Garc\u00eda Belaunde podr\u00edan quedar dos. \u00abNo puedo adelantar nada, porque no lo tengo confirmado, mal har\u00eda; pero tengo entendido de que quedar\u00edan dos y ser\u00eda interesante porque habr\u00e1 competencia\u00bb, manifest\u00f3 el exparlamentario.<\/span><\/p>\n","protected":false},"excerpt":{"rendered":"<p>Seg\u00fan excongresista V\u00edctor Garc\u00eda Belaunde Lima, 20 Noviembre 2020, (ANDINA).- Alfredo Barnechea desisti\u00f3 de su pre candidatura presidencial por Acci\u00f3n Popular con miras a las elecciones generales del 2021, seg\u00fan inform\u00f3 el excongresista por dicha agrupaci\u00f3n V\u00edctor Garc\u00eda Belaunde. \u00abEfectivamente se ha retirado. Habl\u00e9 anoche con \u00e9l y me lo confirm\u00f3, aunque no he visto [&hellip;]<\/p>\n","protected":false},"author":1,"featured_media":87056,"comment_status":"open","ping_status":"open","sticky":false,"template":"","format":"standard","meta":{"rop_custom_images_group":[],"rop_custom_messages_group":[],"rop_publish_now":"initial","rop_publish_now_accounts":[],"rop_publish_now_history":[],"rop_publish_now_status":"pending","footnotes":""},"categories":[5,5745],"tags":[326,6187,6217,443],"class_list":["post-87055","post","type-post","status-publish","format-standard","has-post-thumbnail","hentry","category-actualidad-informativa","category-lo-ultimo","tag-accion-popular","tag-alfredo-barnechea","tag-crisis-vacancia","tag-victor-garcia-belaunde"],"_links":{"self":[{"href":"https:\/\/elinformanteperu.com\/index.php\/wp-json\/wp\/v2\/posts\/87055","targetHints":{"allow":["GET"]}}],"collection":[{"href":"https:\/\/elinformanteperu.com\/index.php\/wp-json\/wp\/v2\/posts"}],"about":[{"href":"https:\/\/elinformanteperu.com\/index.php\/wp-json\/wp\/v2\/types\/post"}],"author":[{"embeddable":true,"href":"https:\/\/elinformanteperu.com\/index.php\/wp-json\/wp\/v2\/users\/1"}],"replies":[{"embeddable":true,"href":"https:\/\/elinformanteperu.com\/index.php\/wp-json\/wp\/v2\/comments?post=87055"}],"version-history":[{"count":1,"href":"https:\/\/elinformanteperu.com\/index.php\/wp-json\/wp\/v2\/posts\/87055\/revisions"}],"predecessor-version":[{"id":87057,"href":"https:\/\/elinformanteperu.com\/index.php\/wp-json\/wp\/v2\/posts\/87055\/revisions\/87057"}],"wp:featuredmedia":[{"embeddable":true,"href":"https:\/\/elinformanteperu.com\/index.php\/wp-json\/wp\/v2\/media\/87056"}],"wp:attachment":[{"href":"https:\/\/elinformanteperu.com\/index.php\/wp-json\/wp\/v2\/media?parent=87055"}],"wp:term":[{"taxonomy":"category","embeddable":true,"href":"https:\/\/elinformanteperu.com\/index.php\/wp-json\/wp\/v2\/categories?post=87055"},{"taxonomy":"post_tag","embeddable":true,"href":"https:\/\/elinformanteperu.com\/index.php\/wp-json\/wp\/v2\/tags?post=87055"}],"curies":[{"name":"wp","href":"https:\/\/api.w.org\/{rel}","templated":true}]}}