{"id":86987,"date":"2020-11-19T23:50:01","date_gmt":"2020-11-20T04:50:01","guid":{"rendered":"https:\/\/elinformanteperu.com\/?p=86987"},"modified":"2020-11-19T23:50:01","modified_gmt":"2020-11-20T04:50:01","slug":"ministerio-publico-evaluacion-confirma-lesiones-en-luis-araujo-enriquez","status":"publish","type":"post","link":"https:\/\/elinformanteperu.com\/index.php\/2020\/11\/19\/ministerio-publico-evaluacion-confirma-lesiones-en-luis-araujo-enriquez\/","title":{"rendered":"Ministerio P\u00fablico: evaluaci\u00f3n confirma lesiones en Luis Araujo Enr\u00edquez"},"content":{"rendered":"<p><strong><span style=\"color: #000000;\">Tambi\u00e9n hace inspecci\u00f3n fiscal en los lugares referidos por \u00e9l para esclarecer hechos denunciados<\/span><\/strong><\/p>\n<p><span style=\"color: #000000;\"><strong>Lima, 19 Noviembre 2020, (ANDINA).-<\/strong> El Instituto de Medicina Legal y Ciencias Forenses confirm\u00f3 que Luis Araujo Enr\u00edquez presenta lesiones, inform\u00f3 hoy el Ministerio P\u00fablico al se\u00f1alar que continuar\u00e1 con las investigaciones fiscales para esclarecer los hechos e identificar a los responsables de la desaparici\u00f3n del joven durante las manifestaciones sociales del \u00faltimo fin de semana.<\/span><\/p>\n<p><span style=\"color: #000000;\">Mediante la cuenta de Twitter del Ministerio P\u00fablico, la fiscal adjunta provincial Mirela Coronel Molero explic\u00f3 que el m\u00e9dico legista ha certificado la presencia de lesiones \u201cque tienen el calificativo m\u00e9dico legista correspondiente\u201d, luego de practicarle ex\u00e1menes que se le aplican de acuerdo a ley, como los toxicol\u00f3gicos.<\/span><\/p>\n<p><span style=\"color: #000000;\">Agreg\u00f3 que, para esclarecer los hechos denunciados, su despacho recoge informaci\u00f3n sobre los lugares donde se habr\u00edan suscitado los hechos, ha solicitado c\u00e1maras de video de la zona y entrevista a testigos que estuvieron con Araujo Enr\u00edquez durante la marcha y quienes lo vieron llegar al hospital Dos de Mayo luego de su liberaci\u00f3n.<\/span><\/p>\n<p><span style=\"color: #000000;\">\u201cEstamos realizado una inspecci\u00f3n fiscal en los lugares referidos por el joven\u201d, coment\u00f3.<\/span><\/p>\n<p><span style=\"color: #000000;\">La magistrada tambi\u00e9n se refiri\u00f3 a la reuni\u00f3n que sostuvo con los altos comisionados de la ONU para informarles sobre las acciones legales que desarrollan en el caso Araujo Enr\u00edquez.<\/span><\/p>\n","protected":false},"excerpt":{"rendered":"<p>Tambi\u00e9n hace inspecci\u00f3n fiscal en los lugares referidos por \u00e9l para esclarecer hechos denunciados Lima, 19 Noviembre 2020, (ANDINA).- El Instituto de Medicina Legal y Ciencias Forenses confirm\u00f3 que Luis Araujo Enr\u00edquez presenta lesiones, inform\u00f3 hoy el Ministerio P\u00fablico al se\u00f1alar que continuar\u00e1 con las investigaciones fiscales para esclarecer los hechos e identificar a los [&hellip;]<\/p>\n","protected":false},"author":1,"featured_media":86988,"comment_status":"open","ping_status":"open","sticky":false,"template":"","format":"standard","meta":{"rop_custom_images_group":[],"rop_custom_messages_group":[],"rop_publish_now":"initial","rop_publish_now_accounts":[],"rop_publish_now_history":[],"rop_publish_now_status":"pending","footnotes":""},"categories":[5],"tags":[6217,370],"class_list":["post-86987","post","type-post","status-publish","format-standard","has-post-thumbnail","hentry","category-actualidad-informativa","tag-crisis-vacancia","tag-ministerio-publico"],"_links":{"self":[{"href":"https:\/\/elinformanteperu.com\/index.php\/wp-json\/wp\/v2\/posts\/86987","targetHints":{"allow":["GET"]}}],"collection":[{"href":"https:\/\/elinformanteperu.com\/index.php\/wp-json\/wp\/v2\/posts"}],"about":[{"href":"https:\/\/elinformanteperu.com\/index.php\/wp-json\/wp\/v2\/types\/post"}],"author":[{"embeddable":true,"href":"https:\/\/elinformanteperu.com\/index.php\/wp-json\/wp\/v2\/users\/1"}],"replies":[{"embeddable":true,"href":"https:\/\/elinformanteperu.com\/index.php\/wp-json\/wp\/v2\/comments?post=86987"}],"version-history":[{"count":1,"href":"https:\/\/elinformanteperu.com\/index.php\/wp-json\/wp\/v2\/posts\/86987\/revisions"}],"predecessor-version":[{"id":86989,"href":"https:\/\/elinformanteperu.com\/index.php\/wp-json\/wp\/v2\/posts\/86987\/revisions\/86989"}],"wp:featuredmedia":[{"embeddable":true,"href":"https:\/\/elinformanteperu.com\/index.php\/wp-json\/wp\/v2\/media\/86988"}],"wp:attachment":[{"href":"https:\/\/elinformanteperu.com\/index.php\/wp-json\/wp\/v2\/media?parent=86987"}],"wp:term":[{"taxonomy":"category","embeddable":true,"href":"https:\/\/elinformanteperu.com\/index.php\/wp-json\/wp\/v2\/categories?post=86987"},{"taxonomy":"post_tag","embeddable":true,"href":"https:\/\/elinformanteperu.com\/index.php\/wp-json\/wp\/v2\/tags?post=86987"}],"curies":[{"name":"wp","href":"https:\/\/api.w.org\/{rel}","templated":true}]}}