{"id":86840,"date":"2020-11-18T17:38:58","date_gmt":"2020-11-18T22:38:58","guid":{"rendered":"https:\/\/elinformanteperu.com\/?p=86840"},"modified":"2020-11-18T17:38:58","modified_gmt":"2020-11-18T22:38:58","slug":"lapadula-confia-en-que-la-seleccion-peruana-se-levantara","status":"publish","type":"post","link":"https:\/\/elinformanteperu.com\/index.php\/2020\/11\/18\/lapadula-confia-en-que-la-seleccion-peruana-se-levantara\/","title":{"rendered":"Lapadula conf\u00eda en que la selecci\u00f3n peruana se levantar\u00e1"},"content":{"rendered":"<p><span style=\"color: #000000;\"><strong>Lima, 18 Noviembre 2020, (ANDINA).-<\/strong> Tras la ca\u00edda bicolor ante Argentina por 0 a 2 en las clasificatorias rumbo a Catar 2022, el atacante de la selecci\u00f3n peruana, Gianluca Lapadula, se\u00f1al\u00f3 hoy que la Blanquirroja se levantar\u00e1.<\/span><\/p>\n<p><span style=\"color: #000000;\">\u00abNo es un momento f\u00e1cil, dos partidos dos derrotas\u00bb, dijo el futbolista en conferencia de prensa virtual desde el estadio Nacional de Lima.<\/span><\/p>\n<p><span style=\"color: #000000;\">\u00abYo creo que hoy todo el equipo hizo un buen partido, estoy muy triste por el resultado\u00bb, advirti\u00f3.<\/span><\/p>\n<p><span style=\"color: #000000;\">\u00abEl momento es dif\u00edcil pero estamos juntos como una familia. Ese es el f\u00fatbol, estoy seguro que la selecci\u00f3n se levantar\u00e1\u00bb, coment\u00f3.<\/span><\/p>\n<p><span style=\"color: #000000;\">Consultado sobre su rendimiento en la \u00faltima fecha doble de eliminatorias, dijo que se sinti\u00f3 muy bien y aprovech\u00f3 la oportunidad para agradecer a todos sus compa\u00f1eros por como lo recibieron.<\/span><\/p>\n<p><span style=\"color: #000000;\">\u00abMe recibieron muy bien. Espero poder ayudar a la selecci\u00f3n que est\u00e1 muy fuerte\u00bb, acot\u00f3.<\/span><\/p>\n<p><span style=\"color: #000000;\">Finalmente, Lapadula indic\u00f3 que es un camino muy largo, y que faltan 14 partidos a\u00fan.<\/span><\/p>\n<p><span style=\"color: #000000;\">Con el resultado de este martes, Per\u00fa se qued\u00f3 con solo un punto y se ubica en la parte baja de la tabla, mientras que Argentina ascendi\u00f3 al segundo lugar y se queda temporalmente dentro del grupo de cuatro clasificados directos a Catar.<\/span><\/p>\n<p><iframe src=\"https:\/\/www.youtube-nocookie.com\/embed\/5clA0HwntYM?controls=0\" width=\"520\" height=\"315\" frameborder=\"0\" allowfullscreen=\"allowfullscreen\"><span data-mce-type=\"bookmark\" style=\"display: inline-block; width: 0px; overflow: hidden; line-height: 0;\" class=\"mce_SELRES_start\">\ufeff<\/span><\/iframe><\/p>\n","protected":false},"excerpt":{"rendered":"<p>Lima, 18 Noviembre 2020, (ANDINA).- Tras la ca\u00edda bicolor ante Argentina por 0 a 2 en las clasificatorias rumbo a Catar 2022, el atacante de la selecci\u00f3n peruana, Gianluca Lapadula, se\u00f1al\u00f3 hoy que la Blanquirroja se levantar\u00e1. \u00abNo es un momento f\u00e1cil, dos partidos dos derrotas\u00bb, dijo el futbolista en conferencia de prensa virtual desde [&hellip;]<\/p>\n","protected":false},"author":1,"featured_media":86841,"comment_status":"open","ping_status":"open","sticky":false,"template":"","format":"standard","meta":{"rop_custom_images_group":[],"rop_custom_messages_group":[],"rop_publish_now":"initial","rop_publish_now_accounts":[],"rop_publish_now_history":[],"rop_publish_now_status":"pending","footnotes":""},"categories":[8],"tags":[4106,630],"class_list":["post-86840","post","type-post","status-publish","format-standard","has-post-thumbnail","hentry","category-disciplinas-deportivas","tag-eliminatorias-catar-2022","tag-gianluca-lapadula"],"_links":{"self":[{"href":"https:\/\/elinformanteperu.com\/index.php\/wp-json\/wp\/v2\/posts\/86840","targetHints":{"allow":["GET"]}}],"collection":[{"href":"https:\/\/elinformanteperu.com\/index.php\/wp-json\/wp\/v2\/posts"}],"about":[{"href":"https:\/\/elinformanteperu.com\/index.php\/wp-json\/wp\/v2\/types\/post"}],"author":[{"embeddable":true,"href":"https:\/\/elinformanteperu.com\/index.php\/wp-json\/wp\/v2\/users\/1"}],"replies":[{"embeddable":true,"href":"https:\/\/elinformanteperu.com\/index.php\/wp-json\/wp\/v2\/comments?post=86840"}],"version-history":[{"count":1,"href":"https:\/\/elinformanteperu.com\/index.php\/wp-json\/wp\/v2\/posts\/86840\/revisions"}],"predecessor-version":[{"id":86842,"href":"https:\/\/elinformanteperu.com\/index.php\/wp-json\/wp\/v2\/posts\/86840\/revisions\/86842"}],"wp:featuredmedia":[{"embeddable":true,"href":"https:\/\/elinformanteperu.com\/index.php\/wp-json\/wp\/v2\/media\/86841"}],"wp:attachment":[{"href":"https:\/\/elinformanteperu.com\/index.php\/wp-json\/wp\/v2\/media?parent=86840"}],"wp:term":[{"taxonomy":"category","embeddable":true,"href":"https:\/\/elinformanteperu.com\/index.php\/wp-json\/wp\/v2\/categories?post=86840"},{"taxonomy":"post_tag","embeddable":true,"href":"https:\/\/elinformanteperu.com\/index.php\/wp-json\/wp\/v2\/tags?post=86840"}],"curies":[{"name":"wp","href":"https:\/\/api.w.org\/{rel}","templated":true}]}}