{"id":86838,"date":"2020-11-18T17:30:51","date_gmt":"2020-11-18T22:30:51","guid":{"rendered":"https:\/\/elinformanteperu.com\/?p=86838"},"modified":"2020-11-18T17:30:51","modified_gmt":"2020-11-18T22:30:51","slug":"mirtha-vasquez-mi-compromiso-es-promover-la-concertacion-en-el-congreso","status":"publish","type":"post","link":"https:\/\/elinformanteperu.com\/index.php\/2020\/11\/18\/mirtha-vasquez-mi-compromiso-es-promover-la-concertacion-en-el-congreso\/","title":{"rendered":"Mirtha V\u00e1squez: mi compromiso es promover la concertaci\u00f3n en el Congreso"},"content":{"rendered":"<p><span style=\"color: #000000;\"><strong>Lima, 18 Noviembre 2020, (ANDINA).-<\/strong> La presidenta del Congreso, Mirtha V\u00e1squez, afirm\u00f3 que promover\u00e1 la concertaci\u00f3n entre todas las bancadas pol\u00edticas m\u00e1s all\u00e1 de las diferencias ideol\u00f3gicas.<\/span><\/p>\n<p><span style=\"color: #000000;\">Indic\u00f3 que el Congreso de la Rep\u00fablica tiene como objetivo \u00fanico ayudar al proceso de transici\u00f3n y poder aportar con leyes que necesita el pa\u00eds en estos momentos de crisis.<\/span><\/p>\n<p><span style=\"color: #000000;\">\u00abMi compromiso es que podamos hacer el esfuerzo de una mayor concertaci\u00f3n; en todo este tiempo que hemos vivido este Congreso estuvo en una constante confrontaci\u00f3n entre los grupos pol\u00edticos con el Ejecutivo y creo que la calle nos ha dicho que m\u00e1s all\u00e1 de las confrontaciones tiene que estar por delante el pa\u00eds\u00bb, indic\u00f3 en RPP.<\/span><\/p>\n<p><span style=\"color: #000000;\">Asimismo, precis\u00f3 que las protestas tambi\u00e9n dieron el mensaje de que en el Parlamento trabajen en funci\u00f3n de los problemas que estamos viviendo. \u00abY estoy confiada en que ese mensaje se ha entendido\u00bb, acot\u00f3.<\/span><\/p>\n<p><span style=\"color: #000000;\">\u00abLa actitud de los partidos dentro del Congreso se ha modificado y eso es saludable y desde la Presidencia vamos a hacer el esfuerzo de concertaci\u00f3n, pues hay que encontrar puntos de coincidencia m\u00e1s all\u00e1 de nuestras diferencias ideol\u00f3gicas\u00bb, refiri\u00f3.<\/span><\/p>\n<p><strong><span style=\"color: #000000;\">Trabajo legislativo<\/span><\/strong><\/p>\n<p><span style=\"color: #000000;\">En ese sentido, precis\u00f3 que era necesario volver a que la labor legislativa se haga con responsabilidad, teniendo en cuenta que en el pasado Congreso algunas normas no pasaban por las comisiones ordinarias y eran aprobadas.<\/span><\/p>\n<p><span style=\"color: #000000;\">\u00abDesde la Presidencia hay que hacer el esfuerzo para que la legislaci\u00f3n se haga de la manera m\u00e1s adecuada, no valen estos apresuramientos, yo siento que a veces fue con buenas intenciones impulsar normas, pero debemos ser responsables para que luego las normas no se caigan\u00bb, se\u00f1al\u00f3.<\/span><\/p>\n<p><span style=\"color: #000000;\">V\u00e1squez explic\u00f3 que este nuevo Congreso debe caracterizarse por responder a los intereses de la poblaci\u00f3n y no con base en los intereses propios de un parlamentario o de un partido, con la finalidad de dar una cara diferente a la poblaci\u00f3n con miras a recuperar legitimidad.<\/span><\/p>\n<p><strong><span style=\"color: #000000;\">Comisi\u00f3n TC<\/span><\/strong><\/p>\n<p><span style=\"color: #000000;\">Respecto a la comisi\u00f3n de selecci\u00f3n de miembros del Tribunal Constitucional (TC), precis\u00f3 que est\u00e1 \u00abcasi desactivada\u00bb debido al retiro de los integrantes de este grupo especial, por parte de varias bancadas parlamentarias.<\/span><\/p>\n<p><span style=\"color: #000000;\">\u00abEstos partidos, al salir, est\u00e1n se\u00f1alando una posici\u00f3n de no seguir adelante ante problemas con esa comisi\u00f3n y con el reglamento, hubo postulantes que renunciaron, de facto est\u00e1 desactivada; pero necesitamos un acuerdo para ver c\u00f3mo queda esa comisi\u00f3n y si es que el pr\u00f3ximo Congreso contin\u00faa este trabajo\u00bb, asegur\u00f3.<\/span><\/p>\n","protected":false},"excerpt":{"rendered":"<p>Lima, 18 Noviembre 2020, (ANDINA).- La presidenta del Congreso, Mirtha V\u00e1squez, afirm\u00f3 que promover\u00e1 la concertaci\u00f3n entre todas las bancadas pol\u00edticas m\u00e1s all\u00e1 de las diferencias ideol\u00f3gicas. Indic\u00f3 que el Congreso de la Rep\u00fablica tiene como objetivo \u00fanico ayudar al proceso de transici\u00f3n y poder aportar con leyes que necesita el pa\u00eds en estos momentos [&hellip;]<\/p>\n","protected":false},"author":1,"featured_media":86653,"comment_status":"open","ping_status":"open","sticky":false,"template":"","format":"standard","meta":{"rop_custom_images_group":[],"rop_custom_messages_group":[],"rop_publish_now":"initial","rop_publish_now_accounts":[],"rop_publish_now_history":[],"rop_publish_now_status":"pending","footnotes":""},"categories":[5],"tags":[192,6041],"class_list":["post-86838","post","type-post","status-publish","format-standard","has-post-thumbnail","hentry","category-actualidad-informativa","tag-congreso","tag-mirtha-vasquez"],"_links":{"self":[{"href":"https:\/\/elinformanteperu.com\/index.php\/wp-json\/wp\/v2\/posts\/86838","targetHints":{"allow":["GET"]}}],"collection":[{"href":"https:\/\/elinformanteperu.com\/index.php\/wp-json\/wp\/v2\/posts"}],"about":[{"href":"https:\/\/elinformanteperu.com\/index.php\/wp-json\/wp\/v2\/types\/post"}],"author":[{"embeddable":true,"href":"https:\/\/elinformanteperu.com\/index.php\/wp-json\/wp\/v2\/users\/1"}],"replies":[{"embeddable":true,"href":"https:\/\/elinformanteperu.com\/index.php\/wp-json\/wp\/v2\/comments?post=86838"}],"version-history":[{"count":1,"href":"https:\/\/elinformanteperu.com\/index.php\/wp-json\/wp\/v2\/posts\/86838\/revisions"}],"predecessor-version":[{"id":86839,"href":"https:\/\/elinformanteperu.com\/index.php\/wp-json\/wp\/v2\/posts\/86838\/revisions\/86839"}],"wp:featuredmedia":[{"embeddable":true,"href":"https:\/\/elinformanteperu.com\/index.php\/wp-json\/wp\/v2\/media\/86653"}],"wp:attachment":[{"href":"https:\/\/elinformanteperu.com\/index.php\/wp-json\/wp\/v2\/media?parent=86838"}],"wp:term":[{"taxonomy":"category","embeddable":true,"href":"https:\/\/elinformanteperu.com\/index.php\/wp-json\/wp\/v2\/categories?post=86838"},{"taxonomy":"post_tag","embeddable":true,"href":"https:\/\/elinformanteperu.com\/index.php\/wp-json\/wp\/v2\/tags?post=86838"}],"curies":[{"name":"wp","href":"https:\/\/api.w.org\/{rel}","templated":true}]}}