{"id":86832,"date":"2020-11-18T17:16:15","date_gmt":"2020-11-18T22:16:15","guid":{"rendered":"https:\/\/elinformanteperu.com\/?p=86832"},"modified":"2020-11-18T17:16:15","modified_gmt":"2020-11-18T22:16:15","slug":"tc-deja-al-voto-demanda-competencial-sobre-vacancia-presidencial","status":"publish","type":"post","link":"https:\/\/elinformanteperu.com\/index.php\/2020\/11\/18\/tc-deja-al-voto-demanda-competencial-sobre-vacancia-presidencial\/","title":{"rendered":"TC deja al voto demanda competencial sobre vacancia presidencial"},"content":{"rendered":"<p><span style=\"color: #000000;\"><strong>Lima, 18 Noviembre 2020, (ANDINA).-<\/strong> El Tribunal Constitucional (TC) dej\u00f3 al voto la demanda competencial sobre la vacancia presidencial por incapacidad moral permanente.<\/span><\/p>\n<p><span style=\"color: #000000;\">Tras escuchar los argumentos de los procuradores del Ejecutivo y Congreso y las respuestas a las interrogantes formuladas, la presidenta del TC, Marianella Ledesma, dijo que la causa qued\u00f3 al voto.<\/span><\/p>\n<p><span style=\"color: #000000;\">El procurador Luis Huerta, en representaci\u00f3n del Ejecutivo, remarc\u00f3 que el objetivo de la demanda es que el TC precise y determine los alcances y fundamentos constitucionales de la vacancia.<\/span><\/p>\n<p><span style=\"color: #000000;\">Y a partir de ello, subray\u00f3, garantizar el ejercicio de competencias que la Constituci\u00f3n le reconoce al Ejecutivo para conducir al pa\u00eds evitando que la vacancia sea usada de forma arbitraria.<\/span><\/p>\n<p><span style=\"color: #000000;\">La vacancia no es mecanismo de sanci\u00f3n y debe limitarse a situaciones objetivas, agreg\u00f3.<\/span><\/p>\n<p><span style=\"color: #000000;\">Por su parte, el procurador del Congreso, Manuel Pe\u00f1a, sostuvo que el TC est\u00e1 autorizado a resolver conflictos que est\u00e1n vigentes, y no para aquellos que no existen o han desaparecido en el proceso.<\/span><\/p>\n<p><span style=\"color: #000000;\">A la fecha, argument\u00f3, el conflicto que dio origen a la demanda competencial ha desaparecido, pues aquel pedido de vacancia fue desestimado por el pleno del Congreso.<\/span><\/p>\n<p><span style=\"color: #000000;\">\u00abLa demanda es improcedente porque se dio la sustracci\u00f3n de la materia\u00bb, a\u00f1adi\u00f3.<\/span><\/p>\n","protected":false},"excerpt":{"rendered":"<p>Lima, 18 Noviembre 2020, (ANDINA).- El Tribunal Constitucional (TC) dej\u00f3 al voto la demanda competencial sobre la vacancia presidencial por incapacidad moral permanente. Tras escuchar los argumentos de los procuradores del Ejecutivo y Congreso y las respuestas a las interrogantes formuladas, la presidenta del TC, Marianella Ledesma, dijo que la causa qued\u00f3 al voto. El [&hellip;]<\/p>\n","protected":false},"author":1,"featured_media":81038,"comment_status":"open","ping_status":"open","sticky":false,"template":"","format":"standard","meta":{"rop_custom_images_group":[],"rop_custom_messages_group":[],"rop_publish_now":"initial","rop_publish_now_accounts":[],"rop_publish_now_history":[],"rop_publish_now_status":"pending","footnotes":""},"categories":[5],"tags":[6217,1402,1401,4751],"class_list":["post-86832","post","type-post","status-publish","format-standard","has-post-thumbnail","hentry","category-actualidad-informativa","tag-crisis-vacancia","tag-tc","tag-tribunal-constitucional","tag-vacancia-vizcarra"],"_links":{"self":[{"href":"https:\/\/elinformanteperu.com\/index.php\/wp-json\/wp\/v2\/posts\/86832","targetHints":{"allow":["GET"]}}],"collection":[{"href":"https:\/\/elinformanteperu.com\/index.php\/wp-json\/wp\/v2\/posts"}],"about":[{"href":"https:\/\/elinformanteperu.com\/index.php\/wp-json\/wp\/v2\/types\/post"}],"author":[{"embeddable":true,"href":"https:\/\/elinformanteperu.com\/index.php\/wp-json\/wp\/v2\/users\/1"}],"replies":[{"embeddable":true,"href":"https:\/\/elinformanteperu.com\/index.php\/wp-json\/wp\/v2\/comments?post=86832"}],"version-history":[{"count":1,"href":"https:\/\/elinformanteperu.com\/index.php\/wp-json\/wp\/v2\/posts\/86832\/revisions"}],"predecessor-version":[{"id":86833,"href":"https:\/\/elinformanteperu.com\/index.php\/wp-json\/wp\/v2\/posts\/86832\/revisions\/86833"}],"wp:featuredmedia":[{"embeddable":true,"href":"https:\/\/elinformanteperu.com\/index.php\/wp-json\/wp\/v2\/media\/81038"}],"wp:attachment":[{"href":"https:\/\/elinformanteperu.com\/index.php\/wp-json\/wp\/v2\/media?parent=86832"}],"wp:term":[{"taxonomy":"category","embeddable":true,"href":"https:\/\/elinformanteperu.com\/index.php\/wp-json\/wp\/v2\/categories?post=86832"},{"taxonomy":"post_tag","embeddable":true,"href":"https:\/\/elinformanteperu.com\/index.php\/wp-json\/wp\/v2\/tags?post=86832"}],"curies":[{"name":"wp","href":"https:\/\/api.w.org\/{rel}","templated":true}]}}